{"id":9984,"date":"2022-07-15T02:57:28","date_gmt":"2022-07-15T02:57:28","guid":{"rendered":"http:\/\/lahora.mx\/?p=9984"},"modified":"2022-07-15T02:57:29","modified_gmt":"2022-07-15T02:57:29","slug":"imputan-por-homicidio-a-ex-funcionarios-por-colapso-de-linea-12-del-metro","status":"publish","type":"post","link":"https:\/\/lahora.mx\/index.php\/2022\/07\/15\/imputan-por-homicidio-a-ex-funcionarios-por-colapso-de-linea-12-del-metro\/","title":{"rendered":"Imputan por homicidio a ex funcionarios por colapso de L\u00ednea 12 del Metro"},"content":{"rendered":"\n<p>La Fiscal\u00eda General de Justicia de la Ciudad de M\u00e9xico imput\u00f3 este jueves los delitos de homicidio, lesiones y da\u00f1o a la propiedad, todos en su modalidad de culposos, a 8 de los 10 imputados por el desplome de la L\u00ednea 12 del Metro.<br>Por lo que se espera que el juez de control pueda definir su situaci\u00f3n jur\u00eddica este jueves pues la audiencia continua, o en 144 horas si la defensa de los acusados solicita la duplicidad del t\u00e9rmino constitucional.<\/p>\n\n\n\n<p>Para los otros dos imputados restantes, que son H\u00e9ctor Rosas Troncoso, ex subdirector de Obra Civil \u201cC\u201d, y Guillermo Leonardo Alc\u00e1zar Pancardo, ex director responsable de obra para la Construcci\u00f3n de la L\u00ednea 12, el juez decidi\u00f3 diferir sus casos.<\/p>\n\n\n\n<p>Esto debido a que ambos argumentaron padecer s\u00edntomas de Covid-19, por lo que se retiraron de las salas de oralidad del Poder Judicial de la colonia Doctores, donde dio inicio el acto judicial a la 10 de la ma\u00f1ana.<\/p>\n\n\n\n<p>Antes de que la audiencia iniciara, Gabriel Regino, abogado de cinco de los acusados, entre ellos Enrique Horcasitas, ex director del Proyecto Metro, pronostic\u00f3 que este d\u00eda sus defendidos iban a ser vinculados a proceso.<\/p>\n","protected":false},"excerpt":{"rendered":"<p>La Fiscal\u00eda General de Justicia de la Ciudad de M\u00e9xico imput\u00f3 este jueves los delitos de homicidio, lesiones y da\u00f1o a la propiedad, todos en su modalidad de culposos, a 8 de los 10 imputados por el desplome de la L\u00ednea 12 del Metro.Por lo que se espera que el juez de control pueda definir [&hellip;]<\/p>\n","protected":false},"author":4,"featured_media":9985,"comment_status":"open","ping_status":"open","sticky":false,"template":"","format":"standard","meta":{"om_disable_all_campaigns":false,"_monsterinsights_skip_tracking":false,"_monsterinsights_sitenote_active":false,"_monsterinsights_sitenote_note":"","_monsterinsights_sitenote_category":0,"footnotes":""},"categories":[176],"tags":[],"class_list":["post-9984","post","type-post","status-publish","format-standard","has-post-thumbnail","hentry","category-nacional"],"amp_enabled":true,"_links":{"self":[{"href":"https:\/\/lahora.mx\/index.php\/wp-json\/wp\/v2\/posts\/9984","targetHints":{"allow":["GET"]}}],"collection":[{"href":"https:\/\/lahora.mx\/index.php\/wp-json\/wp\/v2\/posts"}],"about":[{"href":"https:\/\/lahora.mx\/index.php\/wp-json\/wp\/v2\/types\/post"}],"author":[{"embeddable":true,"href":"https:\/\/lahora.mx\/index.php\/wp-json\/wp\/v2\/users\/4"}],"replies":[{"embeddable":true,"href":"https:\/\/lahora.mx\/index.php\/wp-json\/wp\/v2\/comments?post=9984"}],"version-history":[{"count":1,"href":"https:\/\/lahora.mx\/index.php\/wp-json\/wp\/v2\/posts\/9984\/revisions"}],"predecessor-version":[{"id":9986,"href":"https:\/\/lahora.mx\/index.php\/wp-json\/wp\/v2\/posts\/9984\/revisions\/9986"}],"wp:featuredmedia":[{"embeddable":true,"href":"https:\/\/lahora.mx\/index.php\/wp-json\/wp\/v2\/media\/9985"}],"wp:attachment":[{"href":"https:\/\/lahora.mx\/index.php\/wp-json\/wp\/v2\/media?parent=9984"}],"wp:term":[{"taxonomy":"category","embeddable":true,"href":"https:\/\/lahora.mx\/index.php\/wp-json\/wp\/v2\/categories?post=9984"},{"taxonomy":"post_tag","embeddable":true,"href":"https:\/\/lahora.mx\/index.php\/wp-json\/wp\/v2\/tags?post=9984"}],"curies":[{"name":"wp","href":"https:\/\/api.w.org\/{rel}","templated":true}]}}