{"id":9936,"date":"2022-07-14T17:24:19","date_gmt":"2022-07-14T17:24:19","guid":{"rendered":"http:\/\/lahora.mx\/?p=9936"},"modified":"2022-07-14T17:24:19","modified_gmt":"2022-07-14T17:24:19","slug":"se-rehabilita-el-patrimonio-de-el-gobierno-estatal","status":"publish","type":"post","link":"https:\/\/lahora.mx\/index.php\/2022\/07\/14\/se-rehabilita-el-patrimonio-de-el-gobierno-estatal\/","title":{"rendered":"Se rehabilita el patrimonio de el gobierno estatal"},"content":{"rendered":"\n<p>Porque se encontraban en abandono, con afectaciones por sismos o destruidos por decisiones erradas de administraciones anteriores, tres inmuebles con valor hist\u00f3rico fueron intevenidos por el gobierno estatal.<\/p>\n\n\n\n<p>Son edificios p\u00fablicos y el prop\u00f3sito fue recuperar su funcionalidad y evitar riesgos.<\/p>\n\n\n\n<p>Casa de Albis\u00faa, Sal\u00f3n de Protocolos y Casa del Torno son espacios que ahora est\u00e1n al servicio de la poblaci\u00f3n.<\/p>\n\n\n\n<p>La rehabilitaci\u00f3n fue realizada en 2021 por la Secretar\u00eda de Infraestructura, dependencia que trabaja en la recuperaci\u00f3n de inmuebles considerados joyas arquitect\u00f3nicas para regresarlos al entorno y sean empleados para actividades culturales y gubernamentales.<\/p>\n\n\n\n<p>Expertos de la dependencia intervinieron Casa de Albis\u00faa, que data del siglo XIX.<\/p>\n\n\n\n<p>En sus inicios fueempleada como casa-habitaci\u00f3n; esta edificaci\u00f3n forma parte de la zona de monumentos hist\u00f3ricos; se encuentra en 3 Oriente 209.<\/p>\n\n\n\n<p>Los trabajos consistieron en la rehabilitaci\u00f3n de la estructura de dos niveles y dos patios, reparaci\u00f3n de mamposter\u00eda, losas catalanas, muros y azoteas.<\/p>\n\n\n\n<p>La Secretar\u00eda desarroll\u00f3 trabajos de carpinter\u00eda, canceler\u00eda y herrer\u00eda original; recuper\u00f3 de cristales en ventanas e intervino instalaciones el\u00e9ctricas, hidrosanitarias y de iluminaci\u00f3n.<\/p>\n\n\n\n<p>El emblem\u00e1tico Sal\u00f3n de Protocolos, edificado de 1908, ubicado en Avenida Juan de Palafox y Mendoza 204, fue rehabilitado en su totalidad. Este inmueble result\u00f3 afectado por varios sismos y ante el descuido de pasadas administraciones, el actual gobierno estatal intervino la fachada de piedra de cantera, la c\u00fapula y el elevador.<\/p>\n\n\n\n<p>Tambi\u00e9n fueron rehabilitados balcones, terrazas, persianas, puertas, ventanas, muros, molduras, plafones y tejas vidriadas.<\/p>\n\n\n\n<p>La Casa del Torno, construida en el siglo XVII, fue demolida arbitrariamente en el a\u00f1o 2012, por lo que este gobierno se dio a la tarea de reconstruirla. La escalera original fue destruida, solo fueron recuperados fragmentos de laja y piedra que est\u00e1n encapsulados y ahora forman parte de la exhibici\u00f3n permanente.<\/p>\n\n\n\n<p>Expertos de la Secretar\u00eda dieron mantenimiento al piso de barro, sistema de iluminaci\u00f3n, el\u00e9ctrico, herrer\u00eda, puertas y ventas de madera; colocaron muros aparentes para la presentaci\u00f3n de exposiciones culturales, remodelaron en su totalidad sanitarios, oficinas y \u00e1rea para exposiciones.<\/p>\n","protected":false},"excerpt":{"rendered":"<p>Porque se encontraban en abandono, con afectaciones por sismos o destruidos por decisiones erradas de administraciones anteriores, tres inmuebles con valor hist\u00f3rico fueron intevenidos por el gobierno estatal. Son edificios p\u00fablicos y el prop\u00f3sito fue recuperar su funcionalidad y evitar riesgos. Casa de Albis\u00faa, Sal\u00f3n de Protocolos y Casa del Torno son espacios que ahora [&hellip;]<\/p>\n","protected":false},"author":4,"featured_media":9937,"comment_status":"open","ping_status":"open","sticky":false,"template":"","format":"standard","meta":{"om_disable_all_campaigns":false,"_monsterinsights_skip_tracking":false,"_monsterinsights_sitenote_active":false,"_monsterinsights_sitenote_note":"","_monsterinsights_sitenote_category":0,"footnotes":""},"categories":[175],"tags":[],"class_list":["post-9936","post","type-post","status-publish","format-standard","has-post-thumbnail","hentry","category-local"],"amp_enabled":true,"_links":{"self":[{"href":"https:\/\/lahora.mx\/index.php\/wp-json\/wp\/v2\/posts\/9936","targetHints":{"allow":["GET"]}}],"collection":[{"href":"https:\/\/lahora.mx\/index.php\/wp-json\/wp\/v2\/posts"}],"about":[{"href":"https:\/\/lahora.mx\/index.php\/wp-json\/wp\/v2\/types\/post"}],"author":[{"embeddable":true,"href":"https:\/\/lahora.mx\/index.php\/wp-json\/wp\/v2\/users\/4"}],"replies":[{"embeddable":true,"href":"https:\/\/lahora.mx\/index.php\/wp-json\/wp\/v2\/comments?post=9936"}],"version-history":[{"count":1,"href":"https:\/\/lahora.mx\/index.php\/wp-json\/wp\/v2\/posts\/9936\/revisions"}],"predecessor-version":[{"id":9938,"href":"https:\/\/lahora.mx\/index.php\/wp-json\/wp\/v2\/posts\/9936\/revisions\/9938"}],"wp:featuredmedia":[{"embeddable":true,"href":"https:\/\/lahora.mx\/index.php\/wp-json\/wp\/v2\/media\/9937"}],"wp:attachment":[{"href":"https:\/\/lahora.mx\/index.php\/wp-json\/wp\/v2\/media?parent=9936"}],"wp:term":[{"taxonomy":"category","embeddable":true,"href":"https:\/\/lahora.mx\/index.php\/wp-json\/wp\/v2\/categories?post=9936"},{"taxonomy":"post_tag","embeddable":true,"href":"https:\/\/lahora.mx\/index.php\/wp-json\/wp\/v2\/tags?post=9936"}],"curies":[{"name":"wp","href":"https:\/\/api.w.org\/{rel}","templated":true}]}}