{"id":9927,"date":"2022-07-14T17:04:14","date_gmt":"2022-07-14T17:04:14","guid":{"rendered":"http:\/\/lahora.mx\/?p=9927"},"modified":"2022-07-14T17:04:16","modified_gmt":"2022-07-14T17:04:16","slug":"el-aumento-a-la-tarifa-del-agua-es-necesario-y-responsable-rivera","status":"publish","type":"post","link":"https:\/\/lahora.mx\/index.php\/2022\/07\/14\/el-aumento-a-la-tarifa-del-agua-es-necesario-y-responsable-rivera\/","title":{"rendered":"El aumento a la tarifa del agua es necesario y responsable: Rivera"},"content":{"rendered":"\n<p>El alcalde capitalino, Eduardo Rivera P\u00e9rez, aval\u00f3 la propuesta de aumento a la tarifa por servicio de agua potable, pues la consider\u00f3 una medida \u00abnecesaria y responsable\u00bb y dijo que de no aplicarlo ahora habr\u00eda consecuencias peores y desastrosas para la ciudad de Puebla y los municipios conurbados.<\/p>\n\n\n\n<p>El aumento tarifario solicitado por Sistema Operador de Agua Potable y Alcantarillado de Puebla (Soapap) es de 4 por ciento para los estratos dom\u00e9sticos 1, 2 y 3, mientras que para el uso comercial e industrial ser\u00e1 de 7.6 por ciento, y cada tres meses el precio se ajustar\u00e1 conforme a la inflaci\u00f3n. Se prev\u00e9 que el Congreso del Estado apruebe la iniciativa esta misma semana.<\/p>\n\n\n\n<p>En entrevista, Rivera P\u00e9rez se\u00f1al\u00f3 que con el aumento se va a garantizar que la empresa Agua de Puebla brinde un mejor servicio y que no haya problemas como los que actualmente ocurren en la zona metropolitana de Monterrey.<br>Expuso que si se respetara la estructura tarifaria establecida en el t\u00edtulo de concesi\u00f3n, el incremento tendr\u00eda que ser mayor a 31 por ciento, lo cual ser\u00eda \u00abinaceptable\u00bb, por eso el Soapap determin\u00f3 que solo sea del 4 al 7.6 por ciento, incrementos por debajo de la inflaci\u00f3n.<\/p>\n\n\n\n<p>\u00abMe parece una medida responsable, adem\u00e1s de que se va a mandar a la empresa para que haga una inversi\u00f3n para mejorar en tuber\u00edas, infraestructura y mejorar el servicio y dotarlo en las colonias donde no hay. Comparto esta propuesta que est\u00e1 en el Congreso y que m\u00e1s all\u00e1 de los colores partidistas se tome a bien para estos beneficios que representar\u00eda para Puebla y el \u00e1rea metropolitana\u00bb, expres\u00f3.<\/p>\n\n\n\n<p>El alcalde consider\u00f3 que el alza obedece a que la \u00faltima actualizaci\u00f3n tarifaria data del 28 de septiembre de 2018, es decir, que por casi cuatro a\u00f1os no se modific\u00f3.<br>Se\u00f1al\u00f3 que el hacer pol\u00edticas p\u00fablicas implica situaciones que no son muy c\u00f3modas para algunos sectores de la poblaci\u00f3n, pero la decisi\u00f3n del alza a las tarifas es una decisi\u00f3n consensuada y trabajada en beneficio de la poblaci\u00f3n.<\/p>\n\n\n\n<p>\u00abHay que decirlo: a nadie le gusta que nos incrementen las tarifas y los precios, pero si no se toma est\u00e1 decisi\u00f3n hoy y a tiempo vamos a tener consecuencias a futuro y lo que hay que hacer cuando uno est\u00e1 en el gobierno es tomar decisiones\u00bb, dijo.<\/p>\n","protected":false},"excerpt":{"rendered":"<p>El alcalde capitalino, Eduardo Rivera P\u00e9rez, aval\u00f3 la propuesta de aumento a la tarifa por servicio de agua potable, pues la consider\u00f3 una medida \u00abnecesaria y responsable\u00bb y dijo que de no aplicarlo ahora habr\u00eda consecuencias peores y desastrosas para la ciudad de Puebla y los municipios conurbados. El aumento tarifario solicitado por Sistema Operador [&hellip;]<\/p>\n","protected":false},"author":4,"featured_media":9928,"comment_status":"open","ping_status":"open","sticky":false,"template":"","format":"standard","meta":{"om_disable_all_campaigns":false,"_monsterinsights_skip_tracking":false,"_monsterinsights_sitenote_active":false,"_monsterinsights_sitenote_note":"","_monsterinsights_sitenote_category":0,"footnotes":""},"categories":[175],"tags":[223],"class_list":["post-9927","post","type-post","status-publish","format-standard","has-post-thumbnail","hentry","category-local","tag-puebla"],"amp_enabled":true,"_links":{"self":[{"href":"https:\/\/lahora.mx\/index.php\/wp-json\/wp\/v2\/posts\/9927","targetHints":{"allow":["GET"]}}],"collection":[{"href":"https:\/\/lahora.mx\/index.php\/wp-json\/wp\/v2\/posts"}],"about":[{"href":"https:\/\/lahora.mx\/index.php\/wp-json\/wp\/v2\/types\/post"}],"author":[{"embeddable":true,"href":"https:\/\/lahora.mx\/index.php\/wp-json\/wp\/v2\/users\/4"}],"replies":[{"embeddable":true,"href":"https:\/\/lahora.mx\/index.php\/wp-json\/wp\/v2\/comments?post=9927"}],"version-history":[{"count":1,"href":"https:\/\/lahora.mx\/index.php\/wp-json\/wp\/v2\/posts\/9927\/revisions"}],"predecessor-version":[{"id":9929,"href":"https:\/\/lahora.mx\/index.php\/wp-json\/wp\/v2\/posts\/9927\/revisions\/9929"}],"wp:featuredmedia":[{"embeddable":true,"href":"https:\/\/lahora.mx\/index.php\/wp-json\/wp\/v2\/media\/9928"}],"wp:attachment":[{"href":"https:\/\/lahora.mx\/index.php\/wp-json\/wp\/v2\/media?parent=9927"}],"wp:term":[{"taxonomy":"category","embeddable":true,"href":"https:\/\/lahora.mx\/index.php\/wp-json\/wp\/v2\/categories?post=9927"},{"taxonomy":"post_tag","embeddable":true,"href":"https:\/\/lahora.mx\/index.php\/wp-json\/wp\/v2\/tags?post=9927"}],"curies":[{"name":"wp","href":"https:\/\/api.w.org\/{rel}","templated":true}]}}