{"id":9921,"date":"2022-07-14T16:52:59","date_gmt":"2022-07-14T16:52:59","guid":{"rendered":"http:\/\/lahora.mx\/?p=9921"},"modified":"2022-07-14T16:53:00","modified_gmt":"2022-07-14T16:53:00","slug":"acosador-es-exhibido-agrediendo-a-mujeres-en-calles-de-atlixco","status":"publish","type":"post","link":"https:\/\/lahora.mx\/index.php\/2022\/07\/14\/acosador-es-exhibido-agrediendo-a-mujeres-en-calles-de-atlixco\/","title":{"rendered":"Acosador es exhibido agrediendo a mujeres en calles de Atlixco"},"content":{"rendered":"\n<p>Un hombre ha sido detectado y denunciado por mujeres del municipio de Atlixco quienes aseguran que las intimida, las acosa y ofende verbalmente por lo que piden a las autoridades que sea detenido para que no pase a mayores.<\/p>\n\n\n\n<p>El \u00faltimo caso fue el de Gabriela N. una mujer que declar\u00f3 que al medio d\u00eda fue perseguida, insultada y agredida por un masculino que parec\u00eda que se encontraba drogado o tomado pero que no dejaba de acosarla, al hacerlo p\u00fablico otras mujeres se le sumaron a la denuncia.<br><\/p>\n\n\n\n<p>As\u00ed mismo sigui\u00f3 narrando que el tipo se le paraba enfrente y le gritaba en la cara y la jaloneaba hasta que ella pudo llegar a una ferreter\u00eda en donde pidi\u00f3 apoyo, pero aun as\u00ed se qued\u00f3 retador en la entrada del negocio.<\/p>\n\n\n\n<p>Tras la denuncia p\u00fablica de la afectada, la autoridad local actu\u00f3 de manera inmediata activando el protocolo entrevist\u00e1ndose con Gabriela \u00abN\u00bb con domicilio en colonia centro de Atlixco quien refiere que mientras iba de camino a su domicilio se le acerc\u00f3 un masculino de aproximadamente 22 a\u00f1os de tez morena, complexi\u00f3n delgada y aproximadamente 1.65 de altura.<\/p>\n\n\n\n<p>Se le pasaron recomendaciones y as\u00ed mismo se le proporcionaron n\u00fameros de emergencias y el de la unidad de patrulla Naranja.<\/p>\n\n\n\n<p>Otras mujeres tambi\u00e9n acusaron que hab\u00edan sido atacadas por el mismo sujeto por lo que piden a las autoridades que sea detenido, sin embargo es importante se\u00f1alar que para que la denuncia prospere deber\u00e1n de denunciar lo m\u00e1s pronto posible as\u00ed como hacerlo casi en flagrancia o filmarlo para tener pruebas de los hechos.<\/p>\n","protected":false},"excerpt":{"rendered":"<p>Un hombre ha sido detectado y denunciado por mujeres del municipio de Atlixco quienes aseguran que las intimida, las acosa y ofende verbalmente por lo que piden a las autoridades que sea detenido para que no pase a mayores. El \u00faltimo caso fue el de Gabriela N. una mujer que declar\u00f3 que al medio d\u00eda [&hellip;]<\/p>\n","protected":false},"author":4,"featured_media":9922,"comment_status":"open","ping_status":"open","sticky":false,"template":"","format":"standard","meta":{"om_disable_all_campaigns":false,"_monsterinsights_skip_tracking":false,"_monsterinsights_sitenote_active":false,"_monsterinsights_sitenote_note":"","_monsterinsights_sitenote_category":0,"footnotes":""},"categories":[175],"tags":[223],"class_list":["post-9921","post","type-post","status-publish","format-standard","has-post-thumbnail","hentry","category-local","tag-puebla"],"amp_enabled":true,"_links":{"self":[{"href":"https:\/\/lahora.mx\/index.php\/wp-json\/wp\/v2\/posts\/9921","targetHints":{"allow":["GET"]}}],"collection":[{"href":"https:\/\/lahora.mx\/index.php\/wp-json\/wp\/v2\/posts"}],"about":[{"href":"https:\/\/lahora.mx\/index.php\/wp-json\/wp\/v2\/types\/post"}],"author":[{"embeddable":true,"href":"https:\/\/lahora.mx\/index.php\/wp-json\/wp\/v2\/users\/4"}],"replies":[{"embeddable":true,"href":"https:\/\/lahora.mx\/index.php\/wp-json\/wp\/v2\/comments?post=9921"}],"version-history":[{"count":1,"href":"https:\/\/lahora.mx\/index.php\/wp-json\/wp\/v2\/posts\/9921\/revisions"}],"predecessor-version":[{"id":9923,"href":"https:\/\/lahora.mx\/index.php\/wp-json\/wp\/v2\/posts\/9921\/revisions\/9923"}],"wp:featuredmedia":[{"embeddable":true,"href":"https:\/\/lahora.mx\/index.php\/wp-json\/wp\/v2\/media\/9922"}],"wp:attachment":[{"href":"https:\/\/lahora.mx\/index.php\/wp-json\/wp\/v2\/media?parent=9921"}],"wp:term":[{"taxonomy":"category","embeddable":true,"href":"https:\/\/lahora.mx\/index.php\/wp-json\/wp\/v2\/categories?post=9921"},{"taxonomy":"post_tag","embeddable":true,"href":"https:\/\/lahora.mx\/index.php\/wp-json\/wp\/v2\/tags?post=9921"}],"curies":[{"name":"wp","href":"https:\/\/api.w.org\/{rel}","templated":true}]}}