{"id":9912,"date":"2022-07-14T16:42:25","date_gmt":"2022-07-14T16:42:25","guid":{"rendered":"http:\/\/lahora.mx\/?p=9912"},"modified":"2022-07-14T16:42:25","modified_gmt":"2022-07-14T16:42:25","slug":"se-cae-twitter-a-nivel-mundial-usuarios-reportan-apagon","status":"publish","type":"post","link":"https:\/\/lahora.mx\/index.php\/2022\/07\/14\/se-cae-twitter-a-nivel-mundial-usuarios-reportan-apagon\/","title":{"rendered":"Se cae Twitter a nivel mundial; usuarios reportan &#8216;apag\u00f3n&#8217;"},"content":{"rendered":"\n<p>No es tu Internet! La red social Twitter se cay\u00f3 HOY 14 de julio del 2022, seg\u00fan reportes de usuarios y de la plataforma especializada DownDetector. Te contamos lo que sabemos. Fue a trav\u00e9s del sitio especializado DownDetector en donde se inform\u00f3 que la red social Twitter se cay\u00f3.\u00a0 Twitter demanda a Elon Musk por incumplir acuerdo de compra por 44 mil mdd Seg\u00fan el sitio mencionado, las fallas se comenzaron a presentar desde las 6:59 horas de esta ma\u00f1ana. Sin embargo, se fueron incrementando poco a poco con mayor intensidad. Entre las fallas que se\u00f1ala el sitio mencionado se encuentra: tuits no aparecen en el feed; no se mandan mensajes; ni cargan las notificaciones. <br>De acuerdo con Reuters, Twitter inc. estuvo inactivo para miles de usuarios en todo el mundo. Hubo m\u00e1s de 27 mil incidentes de personas que informaron problemas con Twitter en Estados Unidos. Mientras tanto las fallas tambi\u00e9n se hicieron presentes en otros pa\u00edses como Reino Unido, M\u00e9xico, Brasil e Italia. Hasta el momento no qued\u00f3 claro qu\u00e9 caus\u00f3 el apag\u00f3n. Twitter no respondi\u00f3 de inmediato a una solicitud de comentarios. <\/p>\n","protected":false},"excerpt":{"rendered":"<p>No es tu Internet! La red social Twitter se cay\u00f3 HOY 14 de julio del 2022, seg\u00fan reportes de usuarios y de la plataforma especializada DownDetector. Te contamos lo que sabemos. Fue a trav\u00e9s del sitio especializado DownDetector en donde se inform\u00f3 que la red social Twitter se cay\u00f3.\u00a0 Twitter demanda a Elon Musk por [&hellip;]<\/p>\n","protected":false},"author":4,"featured_media":9913,"comment_status":"open","ping_status":"open","sticky":false,"template":"","format":"standard","meta":{"om_disable_all_campaigns":false,"_monsterinsights_skip_tracking":false,"_monsterinsights_sitenote_active":false,"_monsterinsights_sitenote_note":"","_monsterinsights_sitenote_category":0,"footnotes":""},"categories":[183,176],"tags":[195],"class_list":["post-9912","post","type-post","status-publish","format-standard","has-post-thumbnail","hentry","category-internacional","category-nacional","tag-principal"],"amp_enabled":true,"_links":{"self":[{"href":"https:\/\/lahora.mx\/index.php\/wp-json\/wp\/v2\/posts\/9912","targetHints":{"allow":["GET"]}}],"collection":[{"href":"https:\/\/lahora.mx\/index.php\/wp-json\/wp\/v2\/posts"}],"about":[{"href":"https:\/\/lahora.mx\/index.php\/wp-json\/wp\/v2\/types\/post"}],"author":[{"embeddable":true,"href":"https:\/\/lahora.mx\/index.php\/wp-json\/wp\/v2\/users\/4"}],"replies":[{"embeddable":true,"href":"https:\/\/lahora.mx\/index.php\/wp-json\/wp\/v2\/comments?post=9912"}],"version-history":[{"count":1,"href":"https:\/\/lahora.mx\/index.php\/wp-json\/wp\/v2\/posts\/9912\/revisions"}],"predecessor-version":[{"id":9914,"href":"https:\/\/lahora.mx\/index.php\/wp-json\/wp\/v2\/posts\/9912\/revisions\/9914"}],"wp:featuredmedia":[{"embeddable":true,"href":"https:\/\/lahora.mx\/index.php\/wp-json\/wp\/v2\/media\/9913"}],"wp:attachment":[{"href":"https:\/\/lahora.mx\/index.php\/wp-json\/wp\/v2\/media?parent=9912"}],"wp:term":[{"taxonomy":"category","embeddable":true,"href":"https:\/\/lahora.mx\/index.php\/wp-json\/wp\/v2\/categories?post=9912"},{"taxonomy":"post_tag","embeddable":true,"href":"https:\/\/lahora.mx\/index.php\/wp-json\/wp\/v2\/tags?post=9912"}],"curies":[{"name":"wp","href":"https:\/\/api.w.org\/{rel}","templated":true}]}}