{"id":9909,"date":"2022-07-14T16:37:10","date_gmt":"2022-07-14T16:37:10","guid":{"rendered":"http:\/\/lahora.mx\/?p=9909"},"modified":"2022-07-14T16:37:11","modified_gmt":"2022-07-14T16:37:11","slug":"no-hay-vacunas-contra-covid-para-adultos-en-puebla","status":"publish","type":"post","link":"https:\/\/lahora.mx\/index.php\/2022\/07\/14\/no-hay-vacunas-contra-covid-para-adultos-en-puebla\/","title":{"rendered":"No hay vacunas contra covid para adultos en Puebla"},"content":{"rendered":"\n<p>El secretario de Salud estatal, Jos\u00e9 Antonio Mart\u00ednez Garc\u00eda, dio a conocer que Puebla no cuenta con vacunas para adultos que cambiaron de opini\u00f3n y ahora quieren inocularse o completar su esquema, aunque dijo que ya solicitaron m\u00e1s y se est\u00e1 a la espera de que lleguen de la marca AstraZeneca.<\/p>\n\n\n\n<p>La ma\u00f1ana de este jueves durante rueda de prensa, el funcionario indic\u00f3 que el gobierno federal est\u00e1 en proceso de adquirir dosis para este sector, aunque a\u00fan no una fecha estimada para cuando lleguen.<\/p>\n\n\n\n<p>En otro tema, inform\u00f3 que Puebla sum\u00f3 757 nuevos contagios de covid-19, adem\u00e1s de que hay 6 mil 853 contagios activos en 120 municipios.<\/p>\n\n\n\n<p>Hospitalizaciones siguen en aumento y llegan a 66<br>M\u00e1s del tema\u2026<br>Hospitalizaciones siguen en aumento y llegan a 66<br>Mart\u00ednez Garc\u00eda se\u00f1al\u00f3 que para este jueves se reportaron 77 hospitalizaciones, de las cuales dos necesitan ventilaci\u00f3n mec\u00e1nica asistida. Asimismo, coment\u00f3 que hubo una nueva muerte por covid-19.<\/p>\n\n\n\n<p>Adem\u00e1s, precis\u00f3 que hasta el momento no se ha detectado la nueva variante Centaurus que est\u00e1 levantando preocupaci\u00f3n entre expertos de la OMS, pues tiene mayor capacidad de contagio que la variante \u00d3micron y a pesar de contar con inmunidad por vacunas puede ser agresiva en los s\u00edntomas.<\/p>\n\n\n\n<p>Respecto a los contagios en instituciones educativas, el secretario de Salud estatal detall\u00f3 que van 620 alumnos contagiados,<\/p>\n","protected":false},"excerpt":{"rendered":"<p>El secretario de Salud estatal, Jos\u00e9 Antonio Mart\u00ednez Garc\u00eda, dio a conocer que Puebla no cuenta con vacunas para adultos que cambiaron de opini\u00f3n y ahora quieren inocularse o completar su esquema, aunque dijo que ya solicitaron m\u00e1s y se est\u00e1 a la espera de que lleguen de la marca AstraZeneca. La ma\u00f1ana de este [&hellip;]<\/p>\n","protected":false},"author":4,"featured_media":9910,"comment_status":"open","ping_status":"open","sticky":false,"template":"","format":"standard","meta":{"om_disable_all_campaigns":false,"_monsterinsights_skip_tracking":false,"_monsterinsights_sitenote_active":false,"_monsterinsights_sitenote_note":"","_monsterinsights_sitenote_category":0,"footnotes":""},"categories":[175],"tags":[223],"class_list":["post-9909","post","type-post","status-publish","format-standard","has-post-thumbnail","hentry","category-local","tag-puebla"],"amp_enabled":true,"_links":{"self":[{"href":"https:\/\/lahora.mx\/index.php\/wp-json\/wp\/v2\/posts\/9909","targetHints":{"allow":["GET"]}}],"collection":[{"href":"https:\/\/lahora.mx\/index.php\/wp-json\/wp\/v2\/posts"}],"about":[{"href":"https:\/\/lahora.mx\/index.php\/wp-json\/wp\/v2\/types\/post"}],"author":[{"embeddable":true,"href":"https:\/\/lahora.mx\/index.php\/wp-json\/wp\/v2\/users\/4"}],"replies":[{"embeddable":true,"href":"https:\/\/lahora.mx\/index.php\/wp-json\/wp\/v2\/comments?post=9909"}],"version-history":[{"count":1,"href":"https:\/\/lahora.mx\/index.php\/wp-json\/wp\/v2\/posts\/9909\/revisions"}],"predecessor-version":[{"id":9911,"href":"https:\/\/lahora.mx\/index.php\/wp-json\/wp\/v2\/posts\/9909\/revisions\/9911"}],"wp:featuredmedia":[{"embeddable":true,"href":"https:\/\/lahora.mx\/index.php\/wp-json\/wp\/v2\/media\/9910"}],"wp:attachment":[{"href":"https:\/\/lahora.mx\/index.php\/wp-json\/wp\/v2\/media?parent=9909"}],"wp:term":[{"taxonomy":"category","embeddable":true,"href":"https:\/\/lahora.mx\/index.php\/wp-json\/wp\/v2\/categories?post=9909"},{"taxonomy":"post_tag","embeddable":true,"href":"https:\/\/lahora.mx\/index.php\/wp-json\/wp\/v2\/tags?post=9909"}],"curies":[{"name":"wp","href":"https:\/\/api.w.org\/{rel}","templated":true}]}}