{"id":9884,"date":"2022-07-13T21:55:20","date_gmt":"2022-07-13T21:55:20","guid":{"rendered":"http:\/\/lahora.mx\/?p=9884"},"modified":"2022-07-13T21:55:20","modified_gmt":"2022-07-13T21:55:20","slug":"se-registran-6-mil-321-contagios-covid-en-las-ultimas-24-horas-en-puebla","status":"publish","type":"post","link":"https:\/\/lahora.mx\/index.php\/2022\/07\/13\/se-registran-6-mil-321-contagios-covid-en-las-ultimas-24-horas-en-puebla\/","title":{"rendered":"Se registran 6 mil 321 contagios COVID en las \u00faltimas 24 horas en Puebla"},"content":{"rendered":"\n<p>En las \u00faltimas 24 horas, la entidad registr\u00f3 797 nuevos contagios de COVID-19; es decir, 497 m\u00e1s que lo reportado ayer (martes 12 de julio), as\u00ed lo puntualiz\u00f3 el secretario de Salud, Jos\u00e9 Antonio Mart\u00ednez Garc\u00eda, por lo que recomend\u00f3 a las y los poblanos seguir con los cuidados, ya que los contagios siguen en ascenso.<\/p>\n\n\n\n<p>En videoconferencia de prensa encabezada por el gobernador Miguel Barbosa Huerta, Mart\u00ednez Garc\u00eda report\u00f3 que el 53 por ciento del territorio poblano cuenta con casos activos de SARS-CoV-2, entre ambulatorios y hospitalizados, pues hay 6 mil 321 casos, distribuidos en 115 municipios.<\/p>\n\n\n\n<p>Asimismo, el titular de la dependencia se\u00f1al\u00f3 que hubo un fallecido a causa de esta enfermedad, fue una persona, de 63 a\u00f1os, con diabetes mellitus tipo dos y obesidad m\u00f3rbida. Adem\u00e1s, mencion\u00f3 que hay 69 personas internadas; de ellas, dos requieren de ventilaci\u00f3n mec\u00e1nica asistida.<\/p>\n\n\n\n<p>Respecto a la jornada de vacunaci\u00f3n en el valle de Tehuac\u00e1n y Sierra Negra para menores de 5 a 11 a\u00f1os 11 meses, coment\u00f3 que inici\u00f3 sin incidentes, por lo que exhort\u00f3 a madres y padres de familia y\/o tutores a que lleven a vacunar a sus hijos en cualquiera de los 15 m\u00f3dulos.<\/p>\n","protected":false},"excerpt":{"rendered":"<p>En las \u00faltimas 24 horas, la entidad registr\u00f3 797 nuevos contagios de COVID-19; es decir, 497 m\u00e1s que lo reportado ayer (martes 12 de julio), as\u00ed lo puntualiz\u00f3 el secretario de Salud, Jos\u00e9 Antonio Mart\u00ednez Garc\u00eda, por lo que recomend\u00f3 a las y los poblanos seguir con los cuidados, ya que los contagios siguen en [&hellip;]<\/p>\n","protected":false},"author":4,"featured_media":9885,"comment_status":"open","ping_status":"open","sticky":false,"template":"","format":"standard","meta":{"om_disable_all_campaigns":false,"_monsterinsights_skip_tracking":false,"_monsterinsights_sitenote_active":false,"_monsterinsights_sitenote_note":"","_monsterinsights_sitenote_category":0,"footnotes":""},"categories":[175],"tags":[195,223],"class_list":["post-9884","post","type-post","status-publish","format-standard","has-post-thumbnail","hentry","category-local","tag-principal","tag-puebla"],"amp_enabled":true,"_links":{"self":[{"href":"https:\/\/lahora.mx\/index.php\/wp-json\/wp\/v2\/posts\/9884","targetHints":{"allow":["GET"]}}],"collection":[{"href":"https:\/\/lahora.mx\/index.php\/wp-json\/wp\/v2\/posts"}],"about":[{"href":"https:\/\/lahora.mx\/index.php\/wp-json\/wp\/v2\/types\/post"}],"author":[{"embeddable":true,"href":"https:\/\/lahora.mx\/index.php\/wp-json\/wp\/v2\/users\/4"}],"replies":[{"embeddable":true,"href":"https:\/\/lahora.mx\/index.php\/wp-json\/wp\/v2\/comments?post=9884"}],"version-history":[{"count":1,"href":"https:\/\/lahora.mx\/index.php\/wp-json\/wp\/v2\/posts\/9884\/revisions"}],"predecessor-version":[{"id":9886,"href":"https:\/\/lahora.mx\/index.php\/wp-json\/wp\/v2\/posts\/9884\/revisions\/9886"}],"wp:featuredmedia":[{"embeddable":true,"href":"https:\/\/lahora.mx\/index.php\/wp-json\/wp\/v2\/media\/9885"}],"wp:attachment":[{"href":"https:\/\/lahora.mx\/index.php\/wp-json\/wp\/v2\/media?parent=9884"}],"wp:term":[{"taxonomy":"category","embeddable":true,"href":"https:\/\/lahora.mx\/index.php\/wp-json\/wp\/v2\/categories?post=9884"},{"taxonomy":"post_tag","embeddable":true,"href":"https:\/\/lahora.mx\/index.php\/wp-json\/wp\/v2\/tags?post=9884"}],"curies":[{"name":"wp","href":"https:\/\/api.w.org\/{rel}","templated":true}]}}