{"id":9881,"date":"2022-07-13T21:54:01","date_gmt":"2022-07-13T21:54:01","guid":{"rendered":"http:\/\/lahora.mx\/?p=9881"},"modified":"2022-07-13T21:54:01","modified_gmt":"2022-07-13T21:54:01","slug":"para-atender-a-mas-de-600-reclusas-habra-un-penal-femenil-en-ciudad-serdan","status":"publish","type":"post","link":"https:\/\/lahora.mx\/index.php\/2022\/07\/13\/para-atender-a-mas-de-600-reclusas-habra-un-penal-femenil-en-ciudad-serdan\/","title":{"rendered":"Para atender a m\u00e1s de 600 reclusas habr\u00e1 un penal femenil en Ciudad Serd\u00e1n"},"content":{"rendered":"\n<p>Daniel Iv\u00e1n Cruz Luna, secretario de Seguridad P\u00fablica del Estado dio a conocer la creaci\u00f3n del Cereso Femenil en Ciudad Serd\u00e1n, el cual podr\u00e1 atender a m\u00e1s de 600 personas privadas de su libertad.<\/p>\n\n\n\n<p>Se\u00f1al\u00f3 que la instrucci\u00f3n del mandatario Miguel Barbosa fue realizar un proyecto para la mejora de centros penitenciarios y fue en este documento donde se propuso la creaci\u00f3n de este nuevo espacio para mujeres.<\/p>\n\n\n\n<p>Indic\u00f3 que el objetivo es dar mejores condiciones de estancia a personas privadas de la libertad, por lo que el proyecto est\u00e1 avanzado y en los pr\u00f3ximos meses se estar\u00e1 iniciando la edificaci\u00f3n.<\/p>\n","protected":false},"excerpt":{"rendered":"<p>Daniel Iv\u00e1n Cruz Luna, secretario de Seguridad P\u00fablica del Estado dio a conocer la creaci\u00f3n del Cereso Femenil en Ciudad Serd\u00e1n, el cual podr\u00e1 atender a m\u00e1s de 600 personas privadas de su libertad. Se\u00f1al\u00f3 que la instrucci\u00f3n del mandatario Miguel Barbosa fue realizar un proyecto para la mejora de centros penitenciarios y fue en [&hellip;]<\/p>\n","protected":false},"author":4,"featured_media":9882,"comment_status":"open","ping_status":"open","sticky":false,"template":"","format":"standard","meta":{"om_disable_all_campaigns":false,"_monsterinsights_skip_tracking":false,"_monsterinsights_sitenote_active":false,"_monsterinsights_sitenote_note":"","_monsterinsights_sitenote_category":0,"footnotes":""},"categories":[175],"tags":[195,223],"class_list":["post-9881","post","type-post","status-publish","format-standard","has-post-thumbnail","hentry","category-local","tag-principal","tag-puebla"],"amp_enabled":true,"_links":{"self":[{"href":"https:\/\/lahora.mx\/index.php\/wp-json\/wp\/v2\/posts\/9881","targetHints":{"allow":["GET"]}}],"collection":[{"href":"https:\/\/lahora.mx\/index.php\/wp-json\/wp\/v2\/posts"}],"about":[{"href":"https:\/\/lahora.mx\/index.php\/wp-json\/wp\/v2\/types\/post"}],"author":[{"embeddable":true,"href":"https:\/\/lahora.mx\/index.php\/wp-json\/wp\/v2\/users\/4"}],"replies":[{"embeddable":true,"href":"https:\/\/lahora.mx\/index.php\/wp-json\/wp\/v2\/comments?post=9881"}],"version-history":[{"count":1,"href":"https:\/\/lahora.mx\/index.php\/wp-json\/wp\/v2\/posts\/9881\/revisions"}],"predecessor-version":[{"id":9883,"href":"https:\/\/lahora.mx\/index.php\/wp-json\/wp\/v2\/posts\/9881\/revisions\/9883"}],"wp:featuredmedia":[{"embeddable":true,"href":"https:\/\/lahora.mx\/index.php\/wp-json\/wp\/v2\/media\/9882"}],"wp:attachment":[{"href":"https:\/\/lahora.mx\/index.php\/wp-json\/wp\/v2\/media?parent=9881"}],"wp:term":[{"taxonomy":"category","embeddable":true,"href":"https:\/\/lahora.mx\/index.php\/wp-json\/wp\/v2\/categories?post=9881"},{"taxonomy":"post_tag","embeddable":true,"href":"https:\/\/lahora.mx\/index.php\/wp-json\/wp\/v2\/tags?post=9881"}],"curies":[{"name":"wp","href":"https:\/\/api.w.org\/{rel}","templated":true}]}}