{"id":9875,"date":"2022-07-13T21:49:44","date_gmt":"2022-07-13T21:49:44","guid":{"rendered":"http:\/\/lahora.mx\/?p=9875"},"modified":"2022-07-13T21:49:44","modified_gmt":"2022-07-13T21:49:44","slug":"hay-un-poblano-entre-los-detenidos-tras-balacera-en-la-cdmx","status":"publish","type":"post","link":"https:\/\/lahora.mx\/index.php\/2022\/07\/13\/hay-un-poblano-entre-los-detenidos-tras-balacera-en-la-cdmx\/","title":{"rendered":"Hay un poblano entre los detenidos tras balacera en la CDMX"},"content":{"rendered":"\n<p>Hay un poblano entre los 14 detenidos que ayer protagonizaron un enfrentamiento con polic\u00edas de la Secretar\u00eda de Seguridad Ciudadana (SSC) de la Ciudad de M\u00e9xico.<\/p>\n\n\n\n<p>As\u00ed lo revel\u00f3 este d\u00eda el reportero de nota roja Carlos Jim\u00e9nez, quien dijo que tambi\u00e9n hay seis originarios de Sinaloa, uno de Jalisco y uno del Estado de M\u00e9xico.<\/p>\n\n\n\n<p><br>La tarde de ayer se registr\u00f3 una balacera sobre la carretera M\u00e9xico-Cuernavaca a la altura de San Miguel Topilejo, en la alcald\u00eda de Tlalpan. El secretario de seguridad, Omar Garc\u00eda Harfuch, inform\u00f3 que la intervenci\u00f3n de los elementos deriv\u00f3 de denuncias an\u00f3nimas.<\/p>\n\n\n\n<p>Cuando los polic\u00edas llegaron a la vivienda fueron recibidos a balazos, por lo que comenz\u00f3 un enfrentamiento que dur\u00f3 cerca de 20 minutos. Cuatro polic\u00edas resultaron heridos; uno de ellos recibi\u00f3 un disparo en la cabeza y se encuentra muy grave.<\/p>\n\n\n\n<p>En total fueron detenidas 14 personas que portaban placas con la imagen de Joaqu\u00edn \u201cEl Chapo\u201d Guzm\u00e1n y un rat\u00f3n en alusi\u00f3n a su hijo, Ovidio Guzm\u00e1n, \u201cEl Chapito\u201d.<\/p>\n\n\n\n<p>Al interior de la vivienda las autoridades de la capital y federales decomisaron 10 armas largas incluyendo un Barrett.50 y una ametralladora, tres armas cortas, 12 granadas, 74 cargadores, droga y, adem\u00e1s, rescataron a dos personas privadas de la libertad.<\/p>\n\n\n\n<p>Las primeras versiones refieren que est\u00e1 c\u00e9lula operaba al sur de la capital y levantaba a distribuidores de droga para obligarlos a trabajar con ellos. Utilizaban equipo y veh\u00edculos similares a los utilizados por las corporaciones de seguridad.<\/p>\n","protected":false},"excerpt":{"rendered":"<p>Hay un poblano entre los 14 detenidos que ayer protagonizaron un enfrentamiento con polic\u00edas de la Secretar\u00eda de Seguridad Ciudadana (SSC) de la Ciudad de M\u00e9xico. As\u00ed lo revel\u00f3 este d\u00eda el reportero de nota roja Carlos Jim\u00e9nez, quien dijo que tambi\u00e9n hay seis originarios de Sinaloa, uno de Jalisco y uno del Estado de [&hellip;]<\/p>\n","protected":false},"author":4,"featured_media":9876,"comment_status":"open","ping_status":"open","sticky":false,"template":"","format":"standard","meta":{"om_disable_all_campaigns":false,"_monsterinsights_skip_tracking":false,"_monsterinsights_sitenote_active":false,"_monsterinsights_sitenote_note":"","_monsterinsights_sitenote_category":0,"footnotes":""},"categories":[175],"tags":[223],"class_list":["post-9875","post","type-post","status-publish","format-standard","has-post-thumbnail","hentry","category-local","tag-puebla"],"amp_enabled":true,"_links":{"self":[{"href":"https:\/\/lahora.mx\/index.php\/wp-json\/wp\/v2\/posts\/9875","targetHints":{"allow":["GET"]}}],"collection":[{"href":"https:\/\/lahora.mx\/index.php\/wp-json\/wp\/v2\/posts"}],"about":[{"href":"https:\/\/lahora.mx\/index.php\/wp-json\/wp\/v2\/types\/post"}],"author":[{"embeddable":true,"href":"https:\/\/lahora.mx\/index.php\/wp-json\/wp\/v2\/users\/4"}],"replies":[{"embeddable":true,"href":"https:\/\/lahora.mx\/index.php\/wp-json\/wp\/v2\/comments?post=9875"}],"version-history":[{"count":1,"href":"https:\/\/lahora.mx\/index.php\/wp-json\/wp\/v2\/posts\/9875\/revisions"}],"predecessor-version":[{"id":9877,"href":"https:\/\/lahora.mx\/index.php\/wp-json\/wp\/v2\/posts\/9875\/revisions\/9877"}],"wp:featuredmedia":[{"embeddable":true,"href":"https:\/\/lahora.mx\/index.php\/wp-json\/wp\/v2\/media\/9876"}],"wp:attachment":[{"href":"https:\/\/lahora.mx\/index.php\/wp-json\/wp\/v2\/media?parent=9875"}],"wp:term":[{"taxonomy":"category","embeddable":true,"href":"https:\/\/lahora.mx\/index.php\/wp-json\/wp\/v2\/categories?post=9875"},{"taxonomy":"post_tag","embeddable":true,"href":"https:\/\/lahora.mx\/index.php\/wp-json\/wp\/v2\/tags?post=9875"}],"curies":[{"name":"wp","href":"https:\/\/api.w.org\/{rel}","templated":true}]}}