{"id":9827,"date":"2022-07-12T23:34:28","date_gmt":"2022-07-12T23:34:28","guid":{"rendered":"http:\/\/lahora.mx\/?p=9827"},"modified":"2022-07-12T23:34:29","modified_gmt":"2022-07-12T23:34:29","slug":"justicia-para-alondra-murio-por-negligencia-en-hospital-del-norte","status":"publish","type":"post","link":"https:\/\/lahora.mx\/index.php\/2022\/07\/12\/justicia-para-alondra-murio-por-negligencia-en-hospital-del-norte\/","title":{"rendered":"Justicia para Alondra: muri\u00f3 por negligencia en Hospital del Norte"},"content":{"rendered":"\n<p>Los padres de una joven de 18 a\u00f1os que el pasado 24 de marzo falleci\u00f3 debido a una presunta negligencia m\u00e9dica por parte de una doctora del Hospital General del Norte, se presentaron este martes afuera de Casa Aguayo para pedir que fueran atendidos por el gobernador Barbosa.<\/p>\n\n\n\n<p>La tragedia para la familia de Alondra Luisa Mortier Pati\u00f1o, inici\u00f3 la noche del 23 de marzo de este a\u00f1o cuando ella, la hija mayor, comenz\u00f3 a sentirse mal del est\u00f3mago y despu\u00e9s present\u00f3 inflamaci\u00f3n de los intestinos por lo que la madrugada del d\u00eda 24 de marzo acudieron al Hospital General del Norte, donde una m\u00e9dico de nombre Georgina S\u00e1nchez Flores se neg\u00f3 a prestar la atenci\u00f3n correspondiente, pese al cuadro de emergencia, y no solo les pidi\u00f3 que esperaran su turno sino que se puso a platicar con otras de sus compa\u00f1eras y a tomar caf\u00e9, seg\u00fan los padres de la joven.<br><\/p>\n\n\n\n<p>\u201cLlegamos a urgencias y esta dizque doctora dijo que ten\u00edamos que esperar nuestro turno pero despu\u00e9s mi hija se sinti\u00f3 peor y se desmay\u00f3. Entonces la doctora sali\u00f3 enojada y pidi\u00f3 que mi hija dejara de hacer dramas y que se levantara. Sin hacerle ning\u00fan tipo de tacto solo mand\u00f3 a mi esposo para que comprara unos medicamentos para desinflamar, adem\u00e1s de jeringa y algod\u00f3n, cosas que ah\u00ed no nos pudieron dar\u201d, explic\u00f3 Olivia Ver\u00f3nica, madre de Alondra.<\/p>\n\n\n\n<p>Luego de que fueran enviados a casa ya que les dijeron que la joven s\u00f3lo ten\u00eda colecistitis aguda.<br>Pero Alondra empeor\u00f3 y con sus pocos recursos econ\u00f3micos, ya que los padres de la occisa se dedican a la recolecci\u00f3n de PET, buscaron que en diferentes hospitales le dieran atenci\u00f3n m\u00e9dica, pero en todos, incluso en la Cruz Roja, les solicitaron sumas de dinero que no ten\u00edan.<br><br>Este martes, despu\u00e9s de pedir ayuda en Casa Aguayo, el gobernador orden\u00f3 que los se\u00f1ores Olivia Ver\u00f3nica y Miguel \u00c1ngel, padres de Alondra fueran ayudados. De tal forma que desde Gobernaci\u00f3n cubrieron los gastos en la Cruz Roja y se orden\u00f3 que la joven fuera llevada de nuevo al Hospital General del Norte donde varios m\u00e9dicos ya la esperaban. A pesar de la intervenci\u00f3n quir\u00fargica, la joven no resisti\u00f3 y muri\u00f3.<\/p>\n\n\n\n<p>Debido a esta situaci\u00f3n la pareja de esposos decidi\u00f3 acudir a la Fiscal\u00eda de Puebla y denunciar a la doctora, adem\u00e1s de que recurrieron a Derechos Humanos y al secretario de Salud, Jos\u00e9 Antonio Mart\u00ednez Garc\u00eda, quien -dijeron- reconoci\u00f3 que se hab\u00eda tratado de una negligencia m\u00e9dica y por ello se comprometi\u00f3 a despedir a la acusada e investigar al personal de trabajo social que habr\u00eda amenazado con acusar a los padres de abandonado de cad\u00e1ver, debido a que tardaron un d\u00eda en juntar dinero para sacar a su hija del nosocomio y velarla.<\/p>\n\n\n\n<p>A pesar de que el caso ya hab\u00eda sido expuesto al gobernador Barbosa y pidi\u00f3 que los deudos fueran a verlo, cuando acudieron a verlo nadie los dej\u00f3 pasar y aunque el enlace de comunicaci\u00f3n social de Gobernaci\u00f3n los contact\u00f3, no tuvieron respuesta alguna para fecha de audiencia con el mandatario estatal, por lo que este 12 de julio decidieron manifestarse y exigir justicia por su hija.<\/p>\n\n\n\n<p>Representantes del gobernador recibieron a los padres y los escucharon.<br>Dijeron que esperan que el gobernador los ayude. Y en la Fiscal\u00eda General del Estado de Puebla les dijeron que deb\u00edan contratar un perito privado para seguir con las indagatorias.<\/p>\n","protected":false},"excerpt":{"rendered":"<p>Los padres de una joven de 18 a\u00f1os que el pasado 24 de marzo falleci\u00f3 debido a una presunta negligencia m\u00e9dica por parte de una doctora del Hospital General del Norte, se presentaron este martes afuera de Casa Aguayo para pedir que fueran atendidos por el gobernador Barbosa. La tragedia para la familia de Alondra [&hellip;]<\/p>\n","protected":false},"author":4,"featured_media":9828,"comment_status":"open","ping_status":"open","sticky":false,"template":"","format":"standard","meta":{"om_disable_all_campaigns":false,"_monsterinsights_skip_tracking":false,"_monsterinsights_sitenote_active":false,"_monsterinsights_sitenote_note":"","_monsterinsights_sitenote_category":0,"footnotes":""},"categories":[175],"tags":[223],"class_list":["post-9827","post","type-post","status-publish","format-standard","has-post-thumbnail","hentry","category-local","tag-puebla"],"amp_enabled":true,"_links":{"self":[{"href":"https:\/\/lahora.mx\/index.php\/wp-json\/wp\/v2\/posts\/9827","targetHints":{"allow":["GET"]}}],"collection":[{"href":"https:\/\/lahora.mx\/index.php\/wp-json\/wp\/v2\/posts"}],"about":[{"href":"https:\/\/lahora.mx\/index.php\/wp-json\/wp\/v2\/types\/post"}],"author":[{"embeddable":true,"href":"https:\/\/lahora.mx\/index.php\/wp-json\/wp\/v2\/users\/4"}],"replies":[{"embeddable":true,"href":"https:\/\/lahora.mx\/index.php\/wp-json\/wp\/v2\/comments?post=9827"}],"version-history":[{"count":1,"href":"https:\/\/lahora.mx\/index.php\/wp-json\/wp\/v2\/posts\/9827\/revisions"}],"predecessor-version":[{"id":9829,"href":"https:\/\/lahora.mx\/index.php\/wp-json\/wp\/v2\/posts\/9827\/revisions\/9829"}],"wp:featuredmedia":[{"embeddable":true,"href":"https:\/\/lahora.mx\/index.php\/wp-json\/wp\/v2\/media\/9828"}],"wp:attachment":[{"href":"https:\/\/lahora.mx\/index.php\/wp-json\/wp\/v2\/media?parent=9827"}],"wp:term":[{"taxonomy":"category","embeddable":true,"href":"https:\/\/lahora.mx\/index.php\/wp-json\/wp\/v2\/categories?post=9827"},{"taxonomy":"post_tag","embeddable":true,"href":"https:\/\/lahora.mx\/index.php\/wp-json\/wp\/v2\/tags?post=9827"}],"curies":[{"name":"wp","href":"https:\/\/api.w.org\/{rel}","templated":true}]}}