{"id":980,"date":"2021-12-27T19:33:01","date_gmt":"2021-12-27T19:33:01","guid":{"rendered":"http:\/\/lahora.mx\/?p=980"},"modified":"2021-12-27T19:33:01","modified_gmt":"2021-12-27T19:33:01","slug":"cambios-en-la-mexico-puebla-choferes-piden-soluciones-contra-percances","status":"publish","type":"post","link":"https:\/\/lahora.mx\/index.php\/2021\/12\/27\/cambios-en-la-mexico-puebla-choferes-piden-soluciones-contra-percances\/","title":{"rendered":"Cambios en la M\u00e9xico-Puebla Choferes piden soluciones contra percances"},"content":{"rendered":"<p>Para evitar accidentes como los que han provocado la muerte de 20 personas y varias m\u00e1s heridas, desde septiembre, en la auto pista M\u00e9xico &#8211; Puebla. Desde llano Grande\u00a0 hasta la caseta de cobro de San Marcos\u00a0 Huixtoco. Conductores de unidades particulares, de carga y de pasajeros consideran que deben hacerse adecuaciones.<br \/>\nEl peligro es que esta mal situada la caseta de San Marcos<strong>,<\/strong> est\u00e1 totalmente en la pendiente, en la bajada. Los carros se han llegado a quedar\u00a0 sin frenos o calentando balata.<br \/>\nConductores mencionan que es primordial una rampa de frenado\u00a0 llegando a la caseta ya que vienen las balatas calientes\u00a0 mas el peso lo que dificulta disminuir la velocidad.<\/p>\n<p>Otro problema que se presenta es la falta de supervisi\u00f3n de parte de las autoridades y tambi\u00e9n de las empresas transportistas que verifiquen los camiones antes de sus salidas para evitar futuros accidentes.<br \/>\nAlfredo Reyna, operador de un cami\u00f3n de carga, expuso: \u201cYo digo que una adecuaci\u00f3n es dejar un carril de paso por si se quedan sin frenos<strong>.\u00a0<\/strong>Lo vi en la caseta de Los Chorros; se qued\u00f3 un carro sin frenos y le abri\u00f3 paso y se cruz\u00f3, pero con estos vibradores que tiene tan feos se descontrola uno ah\u00ed y por eso chocan.<br \/>\nAl igual que las fallas de los operadores y no a problemas mec\u00e1nicos, pues los conductores no tienen la experiencia o la habilidad necesaria para manejar una unidad de ese tipo provocando\u00a0 un accidente .<\/p>\n","protected":false},"excerpt":{"rendered":"<p>Para evitar accidentes como los que han provocado la muerte de 20 personas y varias m\u00e1s heridas, desde septiembre, en la auto pista M\u00e9xico &#8211; Puebla. Desde llano Grande\u00a0 hasta la caseta de cobro de San Marcos\u00a0 Huixtoco. Conductores de unidades particulares, de carga y de pasajeros consideran que deben hacerse adecuaciones. El peligro es [&hellip;]<\/p>\n","protected":false},"author":4,"featured_media":981,"comment_status":"open","ping_status":"open","sticky":false,"template":"","format":"standard","meta":{"om_disable_all_campaigns":false,"_monsterinsights_skip_tracking":false,"_monsterinsights_sitenote_active":false,"_monsterinsights_sitenote_note":"","_monsterinsights_sitenote_category":0,"footnotes":""},"categories":[175,176],"tags":[],"class_list":["post-980","post","type-post","status-publish","format-standard","has-post-thumbnail","hentry","category-local","category-nacional"],"amp_enabled":true,"_links":{"self":[{"href":"https:\/\/lahora.mx\/index.php\/wp-json\/wp\/v2\/posts\/980","targetHints":{"allow":["GET"]}}],"collection":[{"href":"https:\/\/lahora.mx\/index.php\/wp-json\/wp\/v2\/posts"}],"about":[{"href":"https:\/\/lahora.mx\/index.php\/wp-json\/wp\/v2\/types\/post"}],"author":[{"embeddable":true,"href":"https:\/\/lahora.mx\/index.php\/wp-json\/wp\/v2\/users\/4"}],"replies":[{"embeddable":true,"href":"https:\/\/lahora.mx\/index.php\/wp-json\/wp\/v2\/comments?post=980"}],"version-history":[{"count":1,"href":"https:\/\/lahora.mx\/index.php\/wp-json\/wp\/v2\/posts\/980\/revisions"}],"predecessor-version":[{"id":982,"href":"https:\/\/lahora.mx\/index.php\/wp-json\/wp\/v2\/posts\/980\/revisions\/982"}],"wp:featuredmedia":[{"embeddable":true,"href":"https:\/\/lahora.mx\/index.php\/wp-json\/wp\/v2\/media\/981"}],"wp:attachment":[{"href":"https:\/\/lahora.mx\/index.php\/wp-json\/wp\/v2\/media?parent=980"}],"wp:term":[{"taxonomy":"category","embeddable":true,"href":"https:\/\/lahora.mx\/index.php\/wp-json\/wp\/v2\/categories?post=980"},{"taxonomy":"post_tag","embeddable":true,"href":"https:\/\/lahora.mx\/index.php\/wp-json\/wp\/v2\/tags?post=980"}],"curies":[{"name":"wp","href":"https:\/\/api.w.org\/{rel}","templated":true}]}}