{"id":9789,"date":"2022-07-12T20:54:23","date_gmt":"2022-07-12T20:54:23","guid":{"rendered":"http:\/\/lahora.mx\/?p=9789"},"modified":"2022-07-12T20:54:24","modified_gmt":"2022-07-12T20:54:24","slug":"hospitalizaciones-siguen-en-aumento-y-llegan-a-66","status":"publish","type":"post","link":"https:\/\/lahora.mx\/index.php\/2022\/07\/12\/hospitalizaciones-siguen-en-aumento-y-llegan-a-66\/","title":{"rendered":"Hospitalizaciones siguen en aumento y llegan a 66"},"content":{"rendered":"\n<p>Para este martes, las hospitalizaciones en Puebla subieron hasta 66, una tendencia que ha seguido los \u00faltimos d\u00edas, aunque \u00fanicamente una persona necesita ventilaci\u00f3n mec\u00e1nica asistida y no hubo ning\u00fan fallecimiento por covid-19.<\/p>\n\n\n\n<p>El secretario de Salud estatal, Jos\u00e9 Antonio Mart\u00ednez Garc\u00eda, dijo en rueda de prensa que el estado sum\u00f3 300 nuevos contagios, lo que significa una baja a lo presentado en otros d\u00edas, cuando se han superado los 700 casos.<\/p>\n\n\n\n<p>Precis\u00f3 que hay 6 mil 317 contagios activos en 108 municipios de Puebla, adem\u00e1s de que las hospitalizaciones van en aumento, reportando 66 y uno con ventilaci\u00f3n mec\u00e1nica asistida, aunque no hubo ninguna defunci\u00f3n.<br>Por otra parte, el funcionario estatal indic\u00f3 que es necesario realizarse pruebas covid en caso de presentar alguno de los s\u00edntomas, que son: dolor de cabeza y garganta, escurrimiento nasa, as\u00ed como tos o bronquitis.<\/p>\n\n\n\n<p>Se\u00f1al\u00f3 que si se cuenta con los s\u00edntomas y la prueba r\u00e1pida sale negativa, de todas formas es necesario hacerse la prueba en un laboratorio.<\/p>\n","protected":false},"excerpt":{"rendered":"<p>Para este martes, las hospitalizaciones en Puebla subieron hasta 66, una tendencia que ha seguido los \u00faltimos d\u00edas, aunque \u00fanicamente una persona necesita ventilaci\u00f3n mec\u00e1nica asistida y no hubo ning\u00fan fallecimiento por covid-19. El secretario de Salud estatal, Jos\u00e9 Antonio Mart\u00ednez Garc\u00eda, dijo en rueda de prensa que el estado sum\u00f3 300 nuevos contagios, lo [&hellip;]<\/p>\n","protected":false},"author":4,"featured_media":9790,"comment_status":"open","ping_status":"open","sticky":false,"template":"","format":"standard","meta":{"om_disable_all_campaigns":false,"_monsterinsights_skip_tracking":false,"_monsterinsights_sitenote_active":false,"_monsterinsights_sitenote_note":"","_monsterinsights_sitenote_category":0,"footnotes":""},"categories":[175],"tags":[223],"class_list":["post-9789","post","type-post","status-publish","format-standard","has-post-thumbnail","hentry","category-local","tag-puebla"],"amp_enabled":true,"_links":{"self":[{"href":"https:\/\/lahora.mx\/index.php\/wp-json\/wp\/v2\/posts\/9789","targetHints":{"allow":["GET"]}}],"collection":[{"href":"https:\/\/lahora.mx\/index.php\/wp-json\/wp\/v2\/posts"}],"about":[{"href":"https:\/\/lahora.mx\/index.php\/wp-json\/wp\/v2\/types\/post"}],"author":[{"embeddable":true,"href":"https:\/\/lahora.mx\/index.php\/wp-json\/wp\/v2\/users\/4"}],"replies":[{"embeddable":true,"href":"https:\/\/lahora.mx\/index.php\/wp-json\/wp\/v2\/comments?post=9789"}],"version-history":[{"count":1,"href":"https:\/\/lahora.mx\/index.php\/wp-json\/wp\/v2\/posts\/9789\/revisions"}],"predecessor-version":[{"id":9791,"href":"https:\/\/lahora.mx\/index.php\/wp-json\/wp\/v2\/posts\/9789\/revisions\/9791"}],"wp:featuredmedia":[{"embeddable":true,"href":"https:\/\/lahora.mx\/index.php\/wp-json\/wp\/v2\/media\/9790"}],"wp:attachment":[{"href":"https:\/\/lahora.mx\/index.php\/wp-json\/wp\/v2\/media?parent=9789"}],"wp:term":[{"taxonomy":"category","embeddable":true,"href":"https:\/\/lahora.mx\/index.php\/wp-json\/wp\/v2\/categories?post=9789"},{"taxonomy":"post_tag","embeddable":true,"href":"https:\/\/lahora.mx\/index.php\/wp-json\/wp\/v2\/tags?post=9789"}],"curies":[{"name":"wp","href":"https:\/\/api.w.org\/{rel}","templated":true}]}}