{"id":9765,"date":"2022-07-12T15:40:46","date_gmt":"2022-07-12T15:40:46","guid":{"rendered":"http:\/\/lahora.mx\/?p=9765"},"modified":"2022-07-12T15:40:47","modified_gmt":"2022-07-12T15:40:47","slug":"no-hay-grilla-contra-mier-sino-investigacion-menciona-barbosa-a-delegado","status":"publish","type":"post","link":"https:\/\/lahora.mx\/index.php\/2022\/07\/12\/no-hay-grilla-contra-mier-sino-investigacion-menciona-barbosa-a-delegado\/","title":{"rendered":"No hay grilla contra Mier, sino investigaci\u00f3n menciona Barbosa a delegado"},"content":{"rendered":"\n<p>El gobernador Luis Miguel Barbosa Huerta sostuvo que no tiene ninguna \u00abgrilla\u00bb ni conflicto personal contra el diputado federal Ignacio Mier Velazco, sino que existe una investigaci\u00f3n penal en su contra por su probable involucramiento en delitos de lavado de dinero y evasi\u00f3n fiscal.<\/p>\n\n\n\n<p>Con esto respondi\u00f3 a los dichos del dirigente nacional de Morena, Mario Delgado Carrillo, a quien reclam\u00f3 por defender el lunes al coordinador de la bancada de Morena en la C\u00e1mara de Diputados.<\/p>\n\n\n\n<p>En rueda de prensa el mandatario se\u00f1al\u00f3 que las indagatorias no son un pleito personal y el asunto se resolver\u00e1 en las instancias correspondientes, luego de que el l\u00edder morenista pidi\u00f3 que no haya abusos de poder ni persecuciones pol\u00edticas.<br><br>Al igual que en Twitter, Barbosa Huerta reclam\u00f3 este martes a Delgado Carrillo por tomar partido a favor de Mier Velazco, pues critic\u00f3 el papel de parcialidad y veracidad que deber\u00eda tener como dirigente.<\/p>\n\n\n\n<p>A la vez critico la incorporaci\u00f3n de la exalcaldesa de Puebla, Claudia Rivera Vivanco, al comit\u00e9 organizador del proceso interno de Morena, pues advirti\u00f3 que es una medida para beneficiar al grupo pol\u00edtico de Bertha Luj\u00e1n Uranga, presidenta saliente del Consejo Nacional del partido.<\/p>\n","protected":false},"excerpt":{"rendered":"<p>El gobernador Luis Miguel Barbosa Huerta sostuvo que no tiene ninguna \u00abgrilla\u00bb ni conflicto personal contra el diputado federal Ignacio Mier Velazco, sino que existe una investigaci\u00f3n penal en su contra por su probable involucramiento en delitos de lavado de dinero y evasi\u00f3n fiscal. Con esto respondi\u00f3 a los dichos del dirigente nacional de Morena, [&hellip;]<\/p>\n","protected":false},"author":4,"featured_media":9766,"comment_status":"open","ping_status":"open","sticky":false,"template":"","format":"standard","meta":{"om_disable_all_campaigns":false,"_monsterinsights_skip_tracking":false,"_monsterinsights_sitenote_active":false,"_monsterinsights_sitenote_note":"","_monsterinsights_sitenote_category":0,"footnotes":""},"categories":[175],"tags":[223],"class_list":["post-9765","post","type-post","status-publish","format-standard","has-post-thumbnail","hentry","category-local","tag-puebla"],"amp_enabled":true,"_links":{"self":[{"href":"https:\/\/lahora.mx\/index.php\/wp-json\/wp\/v2\/posts\/9765","targetHints":{"allow":["GET"]}}],"collection":[{"href":"https:\/\/lahora.mx\/index.php\/wp-json\/wp\/v2\/posts"}],"about":[{"href":"https:\/\/lahora.mx\/index.php\/wp-json\/wp\/v2\/types\/post"}],"author":[{"embeddable":true,"href":"https:\/\/lahora.mx\/index.php\/wp-json\/wp\/v2\/users\/4"}],"replies":[{"embeddable":true,"href":"https:\/\/lahora.mx\/index.php\/wp-json\/wp\/v2\/comments?post=9765"}],"version-history":[{"count":1,"href":"https:\/\/lahora.mx\/index.php\/wp-json\/wp\/v2\/posts\/9765\/revisions"}],"predecessor-version":[{"id":9767,"href":"https:\/\/lahora.mx\/index.php\/wp-json\/wp\/v2\/posts\/9765\/revisions\/9767"}],"wp:featuredmedia":[{"embeddable":true,"href":"https:\/\/lahora.mx\/index.php\/wp-json\/wp\/v2\/media\/9766"}],"wp:attachment":[{"href":"https:\/\/lahora.mx\/index.php\/wp-json\/wp\/v2\/media?parent=9765"}],"wp:term":[{"taxonomy":"category","embeddable":true,"href":"https:\/\/lahora.mx\/index.php\/wp-json\/wp\/v2\/categories?post=9765"},{"taxonomy":"post_tag","embeddable":true,"href":"https:\/\/lahora.mx\/index.php\/wp-json\/wp\/v2\/tags?post=9765"}],"curies":[{"name":"wp","href":"https:\/\/api.w.org\/{rel}","templated":true}]}}