{"id":9744,"date":"2022-07-11T23:50:06","date_gmt":"2022-07-11T23:50:06","guid":{"rendered":"http:\/\/lahora.mx\/?p=9744"},"modified":"2022-07-11T23:50:07","modified_gmt":"2022-07-11T23:50:07","slug":"es-priista-y-segundon-de-enrique-doger-comenta-barbosa-sobre-ignacio-mier","status":"publish","type":"post","link":"https:\/\/lahora.mx\/index.php\/2022\/07\/11\/es-priista-y-segundon-de-enrique-doger-comenta-barbosa-sobre-ignacio-mier\/","title":{"rendered":"Es pri\u00edsta y segund\u00f3n de Enrique Doger comenta Barbosa sobre Ignacio Mier"},"content":{"rendered":"\n<p>El mandatario estatal Miguel Barbosa Huerta dej\u00f3 en claro que Ignacio Mier no es Morena, es pri\u00edsta y siempre ha sido el segund\u00f3n de Enrique Doger Guerrero.<\/p>\n\n\n\n<p>Sobre el video que coloc\u00f3 en redes sociales el l\u00edder del bancada morenista en el Congreso de la Uni\u00f3n donde se\u00f1ala acciones para descalificarlo con la filtraci\u00f3n de datos en investigaci\u00f3n de la UIF e ir contar los intereses del partido que representa, el gobernador indic\u00f3:<\/p>\n\n\n\n<p>\u00ab\u2026 \u00e9l no es Morena, \u00e9l es pri\u00edsta, siempre fue el segund\u00f3n de Enrique Doger, entonces \u00e9l no es Morena\u2026 no tengo ni tuve informaci\u00f3n, niego cualquier circunstancia y toda la investigaci\u00f3n (de la UIF) \u00e9l sabr\u00e1 como se di\u00f3\u2026 qu\u00e9 bueno que se revelen cosas para deslindar responsabilidades en hechos constitutivos de delito, como la muerte de tres ministeriales en el municipio de Tecamachalco y muchas otras cosas\u00bb, indic\u00f3.<\/p>\n\n\n\n<p>Barbosa Huerta conmin\u00f3 a Mier Velazco a que aclare su situaci\u00f3n ante este hecho de la denuncia de la UIF y diversas situaciones que se van revelando diariamente.<\/p>\n\n\n\n<p>Sobre la declaraci\u00f3n del l\u00edder morenista en San L\u00e1zaro de pronuciarse si va a o no por la canidatura al gobierno estatal, el mandatario dijo en tono ir\u00f3nico \u00abahora nadie sabe de su inter\u00e9s, esperemos a gusto si anunci asi tiene o no cuando ha caminado por el estado utilizando temas de la propia C\u00e1mara para poder promoverse, hay que ser serios, ya las mentiras as\u00ed ya no cuentan\u00bb, concluy\u00f3.<\/p>\n","protected":false},"excerpt":{"rendered":"<p>El mandatario estatal Miguel Barbosa Huerta dej\u00f3 en claro que Ignacio Mier no es Morena, es pri\u00edsta y siempre ha sido el segund\u00f3n de Enrique Doger Guerrero. Sobre el video que coloc\u00f3 en redes sociales el l\u00edder del bancada morenista en el Congreso de la Uni\u00f3n donde se\u00f1ala acciones para descalificarlo con la filtraci\u00f3n de [&hellip;]<\/p>\n","protected":false},"author":4,"featured_media":9745,"comment_status":"open","ping_status":"open","sticky":false,"template":"","format":"standard","meta":{"om_disable_all_campaigns":false,"_monsterinsights_skip_tracking":false,"_monsterinsights_sitenote_active":false,"_monsterinsights_sitenote_note":"","_monsterinsights_sitenote_category":0,"footnotes":""},"categories":[175],"tags":[223],"class_list":["post-9744","post","type-post","status-publish","format-standard","has-post-thumbnail","hentry","category-local","tag-puebla"],"amp_enabled":true,"_links":{"self":[{"href":"https:\/\/lahora.mx\/index.php\/wp-json\/wp\/v2\/posts\/9744","targetHints":{"allow":["GET"]}}],"collection":[{"href":"https:\/\/lahora.mx\/index.php\/wp-json\/wp\/v2\/posts"}],"about":[{"href":"https:\/\/lahora.mx\/index.php\/wp-json\/wp\/v2\/types\/post"}],"author":[{"embeddable":true,"href":"https:\/\/lahora.mx\/index.php\/wp-json\/wp\/v2\/users\/4"}],"replies":[{"embeddable":true,"href":"https:\/\/lahora.mx\/index.php\/wp-json\/wp\/v2\/comments?post=9744"}],"version-history":[{"count":1,"href":"https:\/\/lahora.mx\/index.php\/wp-json\/wp\/v2\/posts\/9744\/revisions"}],"predecessor-version":[{"id":9746,"href":"https:\/\/lahora.mx\/index.php\/wp-json\/wp\/v2\/posts\/9744\/revisions\/9746"}],"wp:featuredmedia":[{"embeddable":true,"href":"https:\/\/lahora.mx\/index.php\/wp-json\/wp\/v2\/media\/9745"}],"wp:attachment":[{"href":"https:\/\/lahora.mx\/index.php\/wp-json\/wp\/v2\/media?parent=9744"}],"wp:term":[{"taxonomy":"category","embeddable":true,"href":"https:\/\/lahora.mx\/index.php\/wp-json\/wp\/v2\/categories?post=9744"},{"taxonomy":"post_tag","embeddable":true,"href":"https:\/\/lahora.mx\/index.php\/wp-json\/wp\/v2\/tags?post=9744"}],"curies":[{"name":"wp","href":"https:\/\/api.w.org\/{rel}","templated":true}]}}