{"id":9670,"date":"2022-07-10T19:22:39","date_gmt":"2022-07-10T19:22:39","guid":{"rendered":"http:\/\/lahora.mx\/?p=9670"},"modified":"2022-07-10T19:22:40","modified_gmt":"2022-07-10T19:22:40","slug":"arzobispo-de-puebla-pide-por-sacerdotes-y-religiosas-victimas-de-la-violencia-en-mexico","status":"publish","type":"post","link":"https:\/\/lahora.mx\/index.php\/2022\/07\/10\/arzobispo-de-puebla-pide-por-sacerdotes-y-religiosas-victimas-de-la-violencia-en-mexico\/","title":{"rendered":"Arzobispo de Puebla pide por sacerdotes y religiosas v\u00edctimas de la violencia en M\u00e9xico"},"content":{"rendered":"\n<p>El Arzobispo de Puebla, V\u00edctor S\u00e1nchez Espinosa, inici\u00f3 este domingo la jornada de oraci\u00f3n por la justicia y reconciliaci\u00f3n en M\u00e9xico a la que convoc\u00f3 la Conferencia del Episcopado, con el lema \u201cSeamos constructores de la paz\u201d y pidi\u00f3 por los sacerdotes y religiosas que han sido v\u00edctimas de la violencia en el pa\u00eds.<\/p>\n\n\n\n<p>Al realizar la misa en la Catedral, el l\u00edder de la grey cat\u00f3lica record\u00f3 que la iniciativa surgi\u00f3 tras el asesinato de los sacerdotes de la Provincia Mexicana de la Compa\u00f1\u00eda de Jes\u00fas Javier Campos y Joaqu\u00edn Mora, as\u00ed como el del gu\u00eda tur\u00edstico Pedro Palma, en la comunidad de Cerocahui, en Chihuahua, el pasado 21 de junio.<\/p>\n\n\n\n<p>\u201cSon una referencia de tantos sacerdotes que han muerto por la violencia, religiosas, religiosos, pero tambi\u00e9n periodistas, empresarios, tambi\u00e9n hermanos migrantes que han muerto por la delincuencia\u201d, dijo S\u00e1nchez al tiempo de se\u00f1alar que los Jesuitas no s\u00f3lo se han caracterizado por laborar en instituciones educativas, sino en las comunidades m\u00e1s marginadas del pa\u00eds.<br><br><br>CON FOTOGRAF\u00cdAS DE VICT\u00cdMAS PEDIR\u00c1N POR SU ETERNO DESCANSO<br>Explic\u00f3 que para iniciar la jornada de oraci\u00f3n se colocar\u00e1n fotograf\u00edas de los sacerdotes y religiosas asesinados en el pa\u00eds en todas las iglesias de la entidad poblana y se dedicar\u00e1n las misas dominicales a pedir por su eterno descanso. \u201cEn todas las iglesias Se colocar\u00e1n fotograf\u00edas de hombres y mujeres que han dado su vida por el pueblo de Dios y han recibido la muerte violenta\u201d.<\/p>\n\n\n\n<p>Enseguida, dijo que ha convocado a todos los sacerdotes de la arquidi\u00f3cesis para que realicen misas, horas santas y rosarios para pedir por las v\u00edctimas de la violencia y el cese de la misma en M\u00e9xico.<\/p>\n\n\n\n<p>Agreg\u00f3 que los fieles cat\u00f3licos que tengan familiares o conocidos que hayan muerto debido a la inseguridad pueden llevar las fotograf\u00edas de los difuntos para pedir por ellos durante la jornada de oraci\u00f3n, que concluir\u00e1 el pr\u00f3ximo 31 de julio con una petici\u00f3n por el arrepentimiento de los agresores.<br>\u201cAl final rezaremos la oraci\u00f3n por la paz, tenemos que hacer difusi\u00f3n en las redes sociales y motivando a los fieles a la confianza y a ser part\u00edcipes en este camino de reconciliaci\u00f3n social. En la misa del 31 de julio pediremos por los victimarios, para que Dios les mueva el coraz\u00f3n, para que se arrepientan, para que se conviertan\u201d, acot\u00f3.<\/p>\n\n\n\n<p>Finalmente, el Arzobispo de Puebla enfatiz\u00f3 que el propio Papa Francisco ha se\u00f1alado que existen altos niveles de violencia en el pa\u00eds, motivo por el que la iglesia busca unirse para promover la defensa y el amor por la vida.<\/p>\n","protected":false},"excerpt":{"rendered":"<p>El Arzobispo de Puebla, V\u00edctor S\u00e1nchez Espinosa, inici\u00f3 este domingo la jornada de oraci\u00f3n por la justicia y reconciliaci\u00f3n en M\u00e9xico a la que convoc\u00f3 la Conferencia del Episcopado, con el lema \u201cSeamos constructores de la paz\u201d y pidi\u00f3 por los sacerdotes y religiosas que han sido v\u00edctimas de la violencia en el pa\u00eds. Al [&hellip;]<\/p>\n","protected":false},"author":4,"featured_media":9671,"comment_status":"open","ping_status":"open","sticky":false,"template":"","format":"standard","meta":{"om_disable_all_campaigns":false,"_monsterinsights_skip_tracking":false,"_monsterinsights_sitenote_active":false,"_monsterinsights_sitenote_note":"","_monsterinsights_sitenote_category":0,"footnotes":""},"categories":[175],"tags":[195,223],"class_list":["post-9670","post","type-post","status-publish","format-standard","has-post-thumbnail","hentry","category-local","tag-principal","tag-puebla"],"amp_enabled":true,"_links":{"self":[{"href":"https:\/\/lahora.mx\/index.php\/wp-json\/wp\/v2\/posts\/9670","targetHints":{"allow":["GET"]}}],"collection":[{"href":"https:\/\/lahora.mx\/index.php\/wp-json\/wp\/v2\/posts"}],"about":[{"href":"https:\/\/lahora.mx\/index.php\/wp-json\/wp\/v2\/types\/post"}],"author":[{"embeddable":true,"href":"https:\/\/lahora.mx\/index.php\/wp-json\/wp\/v2\/users\/4"}],"replies":[{"embeddable":true,"href":"https:\/\/lahora.mx\/index.php\/wp-json\/wp\/v2\/comments?post=9670"}],"version-history":[{"count":1,"href":"https:\/\/lahora.mx\/index.php\/wp-json\/wp\/v2\/posts\/9670\/revisions"}],"predecessor-version":[{"id":9672,"href":"https:\/\/lahora.mx\/index.php\/wp-json\/wp\/v2\/posts\/9670\/revisions\/9672"}],"wp:featuredmedia":[{"embeddable":true,"href":"https:\/\/lahora.mx\/index.php\/wp-json\/wp\/v2\/media\/9671"}],"wp:attachment":[{"href":"https:\/\/lahora.mx\/index.php\/wp-json\/wp\/v2\/media?parent=9670"}],"wp:term":[{"taxonomy":"category","embeddable":true,"href":"https:\/\/lahora.mx\/index.php\/wp-json\/wp\/v2\/categories?post=9670"},{"taxonomy":"post_tag","embeddable":true,"href":"https:\/\/lahora.mx\/index.php\/wp-json\/wp\/v2\/tags?post=9670"}],"curies":[{"name":"wp","href":"https:\/\/api.w.org\/{rel}","templated":true}]}}