{"id":9621,"date":"2022-07-08T21:30:02","date_gmt":"2022-07-08T21:30:02","guid":{"rendered":"http:\/\/lahora.mx\/?p=9621"},"modified":"2022-07-08T21:30:03","modified_gmt":"2022-07-08T21:30:03","slug":"buscan-desestabilizar-el-centro-historico-ambulantes-tras-operativo-gobierno","status":"publish","type":"post","link":"https:\/\/lahora.mx\/index.php\/2022\/07\/08\/buscan-desestabilizar-el-centro-historico-ambulantes-tras-operativo-gobierno\/","title":{"rendered":"Buscan desestabilizar el Centro Hist\u00f3rico ambulantes tras operativo: gobierno"},"content":{"rendered":"\n<p>El Gerente de la ciudad de Puebla, Ad\u00e1n Dom\u00ednguez S\u00e1nchez, se\u00f1al\u00f3 que los vendedores ambulantes que han intentado instalarse en los \u00faltimos d\u00edas en las calles del Centro Hist\u00f3rico son un grupo que quiere desestabilizar la zona por lo que la autoridad continuar\u00e1 con los operativos conforme a la ley.<\/p>\n\n\n\n<p>El funcionario municipal se\u00f1al\u00f3 que el ayuntamiento continuar\u00e1 con el reordenamiento y el mejoramiento del primer cuadro de la ciudad, pues est\u00e1 prohibida la venta en la v\u00eda p\u00fablica.<\/p>\n\n\n\n<p>Coment\u00f3 que las acciones de la autoridad se realizan porque los peatones tienen derecho a transitar de manera segura sobre las banquetas, as\u00ed como el transporte p\u00fablico sobre las vialidades, pues las calles del primer cuadro de la ciudad son de todos y no de grupos de ambulantes.<\/p>\n\n\n\n<p>\u00abLos ambulantes han tratado de regresar a las calles del Centro Hist\u00f3rico para realizar esta venta informal. Por parte del gobierno municipal estamos claros: no hay negociaci\u00f3n; la ley no se negocia, pues solo est\u00e1n buscando una estabilizaci\u00f3n. Seguiremos realizando estos operativos en el marco de la ley y siempre pensando en todos los ciudadanos\u00bb, dijo.<br>Dom\u00ednguez S\u00e1nchez coment\u00f3 que respetan las manifestaciones realizadas por los comerciantes, pero no las comparten empresarios, comerciantes formales, ni hoteleros de la zona pues la mayor\u00eda de la poblaci\u00f3n est\u00e1 a favor de tener un Centro Hist\u00f3rico limpio, ordenado y seguro.<\/p>\n\n\n\n<p>Apunt\u00f3 que continuar\u00e1n atentos y realizando operativos para inhibir la presencia del ambulantaje, pero advirti\u00f3 que si vuelven a vender mercanc\u00edas en las calles de Centro Hist\u00f3rico, les ser\u00e1n confiscadas, de acuerdo a las facultades de la Secretar\u00eda de Gobernaci\u00f3n.<\/p>\n","protected":false},"excerpt":{"rendered":"<p>El Gerente de la ciudad de Puebla, Ad\u00e1n Dom\u00ednguez S\u00e1nchez, se\u00f1al\u00f3 que los vendedores ambulantes que han intentado instalarse en los \u00faltimos d\u00edas en las calles del Centro Hist\u00f3rico son un grupo que quiere desestabilizar la zona por lo que la autoridad continuar\u00e1 con los operativos conforme a la ley. El funcionario municipal se\u00f1al\u00f3 que [&hellip;]<\/p>\n","protected":false},"author":4,"featured_media":9622,"comment_status":"open","ping_status":"open","sticky":false,"template":"","format":"standard","meta":{"om_disable_all_campaigns":false,"_monsterinsights_skip_tracking":false,"_monsterinsights_sitenote_active":false,"_monsterinsights_sitenote_note":"","_monsterinsights_sitenote_category":0,"footnotes":""},"categories":[175],"tags":[195,223],"class_list":["post-9621","post","type-post","status-publish","format-standard","has-post-thumbnail","hentry","category-local","tag-principal","tag-puebla"],"amp_enabled":true,"_links":{"self":[{"href":"https:\/\/lahora.mx\/index.php\/wp-json\/wp\/v2\/posts\/9621","targetHints":{"allow":["GET"]}}],"collection":[{"href":"https:\/\/lahora.mx\/index.php\/wp-json\/wp\/v2\/posts"}],"about":[{"href":"https:\/\/lahora.mx\/index.php\/wp-json\/wp\/v2\/types\/post"}],"author":[{"embeddable":true,"href":"https:\/\/lahora.mx\/index.php\/wp-json\/wp\/v2\/users\/4"}],"replies":[{"embeddable":true,"href":"https:\/\/lahora.mx\/index.php\/wp-json\/wp\/v2\/comments?post=9621"}],"version-history":[{"count":1,"href":"https:\/\/lahora.mx\/index.php\/wp-json\/wp\/v2\/posts\/9621\/revisions"}],"predecessor-version":[{"id":9623,"href":"https:\/\/lahora.mx\/index.php\/wp-json\/wp\/v2\/posts\/9621\/revisions\/9623"}],"wp:featuredmedia":[{"embeddable":true,"href":"https:\/\/lahora.mx\/index.php\/wp-json\/wp\/v2\/media\/9622"}],"wp:attachment":[{"href":"https:\/\/lahora.mx\/index.php\/wp-json\/wp\/v2\/media?parent=9621"}],"wp:term":[{"taxonomy":"category","embeddable":true,"href":"https:\/\/lahora.mx\/index.php\/wp-json\/wp\/v2\/categories?post=9621"},{"taxonomy":"post_tag","embeddable":true,"href":"https:\/\/lahora.mx\/index.php\/wp-json\/wp\/v2\/tags?post=9621"}],"curies":[{"name":"wp","href":"https:\/\/api.w.org\/{rel}","templated":true}]}}