{"id":9618,"date":"2022-07-08T21:26:29","date_gmt":"2022-07-08T21:26:29","guid":{"rendered":"http:\/\/lahora.mx\/?p=9618"},"modified":"2022-07-08T21:26:29","modified_gmt":"2022-07-08T21:26:29","slug":"988-colonias-tendran-una-alza-en-el-precio-del-agua-subira-hasta-7","status":"publish","type":"post","link":"https:\/\/lahora.mx\/index.php\/2022\/07\/08\/988-colonias-tendran-una-alza-en-el-precio-del-agua-subira-hasta-7\/","title":{"rendered":"988 colonias tendr\u00e1n una alza en el precio del agua; subir\u00e1 hasta 7%"},"content":{"rendered":"\n<p>Gustavo Gayt\u00e1n Alcaraz, director del Sistema Operador de Agua Potable y Alcantarillado de Puebla (Soapap), anunci\u00f3 que ser\u00e1 del 4 y 7.6 por ciento el alza a las tarifas del agua en 988 colonias, si el Congreso del estado aprueba el proyecto tarifario, pero calific\u00f3 como \u00abm\u00ednimo\u00bb el aumento.<\/p>\n\n\n\n<p>El Soapap pretende que cada tres meses se actualice el precio del agua potable conforme a la inflaci\u00f3n, en la capital y las zonas de Cholula, Cuautlancingo y Amozoc donde tiene cobertura la concesionaria Agua de Puebla.<\/p>\n\n\n\n<p>En rueda de prensa este viernes, el director del Soapap defendi\u00f3 que el alza obedece a que la \u00faltima actualizaci\u00f3n tarifaria fue desde el 28 de septiembre del 2018, es decir, que por casi cuatro a\u00f1os no se modific\u00f3.<\/p>\n\n\n\n<p>\u201cTodos los insumos han subido, producir el agua potable, el salario de los trabajadores, los servicios que tenemos como ciudadanos, el internet, el gas, el tel\u00e9fono, la luz\u2026 es un tema inflacionario, y si analizas el \u00edndice inflacionario, solo estamos proponiendo m\u00e1ximo el 7.6 por ciento en 3 a\u00f1os\u201d, argument\u00f3.<br>Gayt\u00e1n Alcaraz se\u00f1al\u00f3 que, de haberse aplicado la f\u00f3rmula de indexaci\u00f3n prevista en la estructura tarifaria, contemplada en el t\u00edtulo de concesi\u00f3n, las tarifas tendr\u00edan que haber incrementado 31.68 por ciento de octubre de 2018 a la fecha, ya que solo en el 2021 la inflaci\u00f3n acumulada fue del 7.65 por ciento y, en este a\u00f1o, alcanz\u00f3 el 3.2 por ciento hasta mayo.<\/p>\n\n\n\n<p>Coment\u00f3 que la nueva propuesta plantea un alza del 4 por ciento a estratos de bajos recursos, que son de uso dom\u00e9stico, social o p\u00fablico a los estratos 1, 2 y 3, el cual representa a 367 mil 577 usuarios de 710 colonias.<\/p>\n\n\n\n<p>Mientras que 288 colonias que forman parte de los estratos 4,5 y 6, ver\u00edan un incremento en el pago de sus servicios del 7. 6 por ciento.<\/p>\n\n\n\n<p>Por lo que respecta a los usuarios de los usos comercial, industrial, pecuario y p\u00fablico, tendr\u00edan un aumento del 7.6 por ciento en su servicio de agua potable.<br>Quienes cuenten con medidor de agua pagar\u00edan hasta 28 pesos por cada metro c\u00fabico y, a falta de medidor, habr\u00eda tarifas fijas, de hasta mil 300 pesos para consumo dom\u00e9stico y de hasta 7 mil 600 para consumo industrial.<\/p>\n\n\n\n<p>Soapap pide a Congreso avalar tarifas<\/p>\n\n\n\n<p>El director del Soapap pidi\u00f3 a las y los diputados que act\u00faen con sensatez al momento de analizar la propuesta del nuevo esquema tarifario.<\/p>\n\n\n\n<p>Gayt\u00e1n Alcaraz se\u00f1al\u00f3 que con el aumento de las tarifas podr\u00e1n hacer inversiones y brindar un mejor servicio a la ciudadan\u00eda, en temas de agua nueva y eficiencia f\u00edsica para evitar fugas, as\u00ed como el saneamiento, nuevas plantas de tratamiento, pozos de agua nueva, y nuevas redes de automatizaci\u00f3n.<\/p>\n\n\n\n<p>\u201cNosotros apostamos que haya sensatez, realmente digamos que los diputados pueden ajustar la situaci\u00f3n de las tarifas y es su atribuci\u00f3n constitucional hacerlo, pero no podemos pasar por alto que los insumos, la energ\u00eda el\u00e9ctrica, sigue subiendo. El acumulado en el mismo periodo que no ha subido la tarifa ronda por nosotros en un 70 por ciento lo que ha subido la energ\u00eda el\u00e9ctrica en este periodo de la concesi\u00f3n. Si hay ciertas variables, pero espero que s\u00ed sean considerados\u201d, dijo.<\/p>\n","protected":false},"excerpt":{"rendered":"<p>Gustavo Gayt\u00e1n Alcaraz, director del Sistema Operador de Agua Potable y Alcantarillado de Puebla (Soapap), anunci\u00f3 que ser\u00e1 del 4 y 7.6 por ciento el alza a las tarifas del agua en 988 colonias, si el Congreso del estado aprueba el proyecto tarifario, pero calific\u00f3 como \u00abm\u00ednimo\u00bb el aumento. El Soapap pretende que cada tres [&hellip;]<\/p>\n","protected":false},"author":4,"featured_media":9619,"comment_status":"open","ping_status":"open","sticky":false,"template":"","format":"standard","meta":{"om_disable_all_campaigns":false,"_monsterinsights_skip_tracking":false,"_monsterinsights_sitenote_active":false,"_monsterinsights_sitenote_note":"","_monsterinsights_sitenote_category":0,"footnotes":""},"categories":[175],"tags":[195,223],"class_list":["post-9618","post","type-post","status-publish","format-standard","has-post-thumbnail","hentry","category-local","tag-principal","tag-puebla"],"amp_enabled":true,"_links":{"self":[{"href":"https:\/\/lahora.mx\/index.php\/wp-json\/wp\/v2\/posts\/9618","targetHints":{"allow":["GET"]}}],"collection":[{"href":"https:\/\/lahora.mx\/index.php\/wp-json\/wp\/v2\/posts"}],"about":[{"href":"https:\/\/lahora.mx\/index.php\/wp-json\/wp\/v2\/types\/post"}],"author":[{"embeddable":true,"href":"https:\/\/lahora.mx\/index.php\/wp-json\/wp\/v2\/users\/4"}],"replies":[{"embeddable":true,"href":"https:\/\/lahora.mx\/index.php\/wp-json\/wp\/v2\/comments?post=9618"}],"version-history":[{"count":1,"href":"https:\/\/lahora.mx\/index.php\/wp-json\/wp\/v2\/posts\/9618\/revisions"}],"predecessor-version":[{"id":9620,"href":"https:\/\/lahora.mx\/index.php\/wp-json\/wp\/v2\/posts\/9618\/revisions\/9620"}],"wp:featuredmedia":[{"embeddable":true,"href":"https:\/\/lahora.mx\/index.php\/wp-json\/wp\/v2\/media\/9619"}],"wp:attachment":[{"href":"https:\/\/lahora.mx\/index.php\/wp-json\/wp\/v2\/media?parent=9618"}],"wp:term":[{"taxonomy":"category","embeddable":true,"href":"https:\/\/lahora.mx\/index.php\/wp-json\/wp\/v2\/categories?post=9618"},{"taxonomy":"post_tag","embeddable":true,"href":"https:\/\/lahora.mx\/index.php\/wp-json\/wp\/v2\/tags?post=9618"}],"curies":[{"name":"wp","href":"https:\/\/api.w.org\/{rel}","templated":true}]}}