{"id":9607,"date":"2022-07-08T20:46:41","date_gmt":"2022-07-08T20:46:41","guid":{"rendered":"http:\/\/lahora.mx\/?p=9607"},"modified":"2022-07-08T20:46:42","modified_gmt":"2022-07-08T20:46:42","slug":"mas-de-24-mdp-costo-la-remodelacion-de-casa-puebla","status":"publish","type":"post","link":"https:\/\/lahora.mx\/index.php\/2022\/07\/08\/mas-de-24-mdp-costo-la-remodelacion-de-casa-puebla\/","title":{"rendered":"M\u00e1s de 24 mdp cost\u00f3 la remodelaci\u00f3n de Casa Puebla"},"content":{"rendered":"\n<p>La remodelaci\u00f3n de Casa Puebla, que anteriormente era la residencia de los gobernadores en la entidad y ahora es un espacio p\u00fablico, cost\u00f3 24 millones 174 mil 584.27 pesos El 30 de abril de este a\u00f1o se declar\u00f3 su apertura a todo p\u00fablico luego de que la Secretar\u00eda de Infraestructura destinara recursos para su remodelaci\u00f3n bajo el \u201cProyecto integral para la construcci\u00f3n de parque urbano en la zona hist\u00f3rica de Los Fuertes\u201d.<\/p>\n\n\n\n<p>En el contrato OP\/LPE088\/SA\/SI-20210613 se detall\u00f3 que Espacio de Arquitectura e Ingenier\u00eda JH S.A. de C.V. fue la empresa seleccionada para hacerse cargo. Humberto Guerrero Cano, integrante de la compa\u00f1\u00eda fue quien firm\u00f3 el contrato.<\/p>\n\n\n\n<p>Las obras debieron realizarse en 25 d\u00edas naturales, entre el 7 de diciembre y el 31 del mismo mes de 2021, pero la empresa solicit\u00f3 cambiar los periodos y considerarlo desde el 24 de diciembre de 2021 al 17 de enero de 2022.<\/p>\n\n\n\n<p>La compa\u00f1\u00eda se comprometi\u00f3 a realizar desde el dise\u00f1o de la obra hasta su ejecuci\u00f3n, es decir, es decir, estudios t\u00e9cnicos, elaboraci\u00f3n de planos, memorias de c\u00e1lculo, especificaciones generales y particulares.<br>El documento tambi\u00e9n fue firmado por Luis Tenorio Garc\u00eda, secretario de Infraestructura, y Juan Carlos Hern\u00e1ndez Zambrano, designado para recibir lo recursos, archivos y asuntos a cargo de la subsecretar\u00eda de infraestructura.<\/p>\n\n\n\n<p>Otros contratos para Espacio de Arquitectura e Ingenier\u00eda JH S.A. de C.V.<\/p>\n\n\n\n<p>Espacio de Arquitectura e Ingenier\u00eda JH S.A. de C.V. consigui\u00f3 siete contratos del gobierno estatal a trav\u00e9s de la adjudicaci\u00f3n directa, por un valor de 5 millones 42 mil 778 pesos en 2018.<\/p>\n\n\n\n<p>Fue el Comit\u00e9 Administrador Poblano para la Construcci\u00f3n de Espacios Educativos (CAPCEE) el que contrat\u00f3 a la compa\u00f1\u00eda para intervenir escuelas como la Primaria Ignacio Zaragoza en Cohetzala; la Primaria General L\u00e1zaro C\u00e1rdenas, en Chietla y el Bachillerato Emiliano Zapata.<\/p>\n","protected":false},"excerpt":{"rendered":"<p>La remodelaci\u00f3n de Casa Puebla, que anteriormente era la residencia de los gobernadores en la entidad y ahora es un espacio p\u00fablico, cost\u00f3 24 millones 174 mil 584.27 pesos El 30 de abril de este a\u00f1o se declar\u00f3 su apertura a todo p\u00fablico luego de que la Secretar\u00eda de Infraestructura destinara recursos para su remodelaci\u00f3n [&hellip;]<\/p>\n","protected":false},"author":4,"featured_media":9608,"comment_status":"open","ping_status":"open","sticky":false,"template":"","format":"standard","meta":{"om_disable_all_campaigns":false,"_monsterinsights_skip_tracking":false,"_monsterinsights_sitenote_active":false,"_monsterinsights_sitenote_note":"","_monsterinsights_sitenote_category":0,"footnotes":""},"categories":[175],"tags":[195,223],"class_list":["post-9607","post","type-post","status-publish","format-standard","has-post-thumbnail","hentry","category-local","tag-principal","tag-puebla"],"amp_enabled":true,"_links":{"self":[{"href":"https:\/\/lahora.mx\/index.php\/wp-json\/wp\/v2\/posts\/9607","targetHints":{"allow":["GET"]}}],"collection":[{"href":"https:\/\/lahora.mx\/index.php\/wp-json\/wp\/v2\/posts"}],"about":[{"href":"https:\/\/lahora.mx\/index.php\/wp-json\/wp\/v2\/types\/post"}],"author":[{"embeddable":true,"href":"https:\/\/lahora.mx\/index.php\/wp-json\/wp\/v2\/users\/4"}],"replies":[{"embeddable":true,"href":"https:\/\/lahora.mx\/index.php\/wp-json\/wp\/v2\/comments?post=9607"}],"version-history":[{"count":1,"href":"https:\/\/lahora.mx\/index.php\/wp-json\/wp\/v2\/posts\/9607\/revisions"}],"predecessor-version":[{"id":9609,"href":"https:\/\/lahora.mx\/index.php\/wp-json\/wp\/v2\/posts\/9607\/revisions\/9609"}],"wp:featuredmedia":[{"embeddable":true,"href":"https:\/\/lahora.mx\/index.php\/wp-json\/wp\/v2\/media\/9608"}],"wp:attachment":[{"href":"https:\/\/lahora.mx\/index.php\/wp-json\/wp\/v2\/media?parent=9607"}],"wp:term":[{"taxonomy":"category","embeddable":true,"href":"https:\/\/lahora.mx\/index.php\/wp-json\/wp\/v2\/categories?post=9607"},{"taxonomy":"post_tag","embeddable":true,"href":"https:\/\/lahora.mx\/index.php\/wp-json\/wp\/v2\/tags?post=9607"}],"curies":[{"name":"wp","href":"https:\/\/api.w.org\/{rel}","templated":true}]}}