{"id":9555,"date":"2022-07-07T23:47:27","date_gmt":"2022-07-07T23:47:27","guid":{"rendered":"http:\/\/lahora.mx\/?p=9555"},"modified":"2022-07-07T23:47:28","modified_gmt":"2022-07-07T23:47:28","slug":"estudiantes-de-la-prepa-zapata-de-la-buap-entre-los-primeros-lugares-del-concurso-estatal-de-la-xxxvi-olimpiada-mexicana-de-matematicas","status":"publish","type":"post","link":"https:\/\/lahora.mx\/index.php\/2022\/07\/07\/estudiantes-de-la-prepa-zapata-de-la-buap-entre-los-primeros-lugares-del-concurso-estatal-de-la-xxxvi-olimpiada-mexicana-de-matematicas\/","title":{"rendered":"Estudiantes de la prepa Zapata de la BUAP entre los primeros lugares del concurso estatal de la XXXVI olimpiada Mexicana de Matem\u00e1ticas"},"content":{"rendered":"\n<p>Cinco estudiantes de la Preparatoria Emiliano Zapata de la BUAP se posicionaron en los primeros lugares de la etapa estatal de la XXXVI Olimpiada Mexicana de Matem\u00e1ticas. Se trata de Daryl Iv\u00e1n Ju\u00e1rez Garc\u00eda, quien ocup\u00f3 el primer lugar; Dylan Isaac Mancilla L\u00f3pez, el segundo lugar; as\u00ed como Jos\u00e9 Eduardo Deci\u00f3n P\u00e9rez, Mar\u00eda Fernanda Azeret Cabrera Cabrera y El\u00edas L\u00f3pez Rivera, en el tercer lugar.<\/p>\n\n\n\n<p>Por otra parte, Allison Katerine Orea Mart\u00ednez, Joselyn Pozos Coss\u00edo y Mar\u00eda Fernanda Azeret Cabrera Cabrera, tambi\u00e9n estudiantes de la Zapata, representar\u00e1n a la BUAP, en el nivel 2, en el examen estatal del Segundo Concurso Femenil Nacional de la Olimpiada Mexicana de Matem\u00e1ticas, que se llevar\u00e1 a cabo el pr\u00f3ximo 20 de agosto.<\/p>\n\n\n\n<p>La Olimpiada Mexicana de Matem\u00e1ticas tiene como objetivo fomentar en el alumno el inter\u00e9s por las Matem\u00e1ticas y las ciencias. Esta consta de cinco etapas: escolar, regional, estatal, entrenamiento y selecci\u00f3n, y la fase nacional.<\/p>\n\n\n\n<p>En la etapa estatal, el jurado seleccion\u00f3 a 25 estudiantes con las mejores puntuaciones, quienes formar\u00e1n la preselecci\u00f3n estatal y participar\u00e1n en la etapa de entrenamiento y selecci\u00f3n. La selecci\u00f3n de los participantes del estado en el concurso nacional se efectuar\u00e1 por medio de la aplicaci\u00f3n de cuatro instrumentos de evaluaci\u00f3n, que se aplicar\u00e1n el 12 y 13 de agosto y el 7 y 8 de octubre, en la Facultad de Ciencias F\u00edsico Matem\u00e1ticas de la BUAP.<\/p>\n\n\n\n<p>Al concluir este proceso, en el cual participar\u00e1n Daryl Iv\u00e1n Ju\u00e1rez Garc\u00eda y Dylan Isaac Mancilla L\u00f3pez, quienes se ubicaron en el primer y segundo lugar en la etapa estatal, ser\u00e1n seleccionados seis estudiantes para participar en la etapa nacional de la Olimpiada Mexicana de Matem\u00e1ticas, del concurso, la cual se realizar\u00e1 en el mes de noviembre.<\/p>\n","protected":false},"excerpt":{"rendered":"<p>Cinco estudiantes de la Preparatoria Emiliano Zapata de la BUAP se posicionaron en los primeros lugares de la etapa estatal de la XXXVI Olimpiada Mexicana de Matem\u00e1ticas. Se trata de Daryl Iv\u00e1n Ju\u00e1rez Garc\u00eda, quien ocup\u00f3 el primer lugar; Dylan Isaac Mancilla L\u00f3pez, el segundo lugar; as\u00ed como Jos\u00e9 Eduardo Deci\u00f3n P\u00e9rez, Mar\u00eda Fernanda Azeret [&hellip;]<\/p>\n","protected":false},"author":4,"featured_media":9556,"comment_status":"open","ping_status":"open","sticky":false,"template":"","format":"standard","meta":{"om_disable_all_campaigns":false,"_monsterinsights_skip_tracking":false,"_monsterinsights_sitenote_active":false,"_monsterinsights_sitenote_note":"","_monsterinsights_sitenote_category":0,"footnotes":""},"categories":[175],"tags":[186,223],"class_list":["post-9555","post","type-post","status-publish","format-standard","has-post-thumbnail","hentry","category-local","tag-buap","tag-puebla"],"amp_enabled":true,"_links":{"self":[{"href":"https:\/\/lahora.mx\/index.php\/wp-json\/wp\/v2\/posts\/9555","targetHints":{"allow":["GET"]}}],"collection":[{"href":"https:\/\/lahora.mx\/index.php\/wp-json\/wp\/v2\/posts"}],"about":[{"href":"https:\/\/lahora.mx\/index.php\/wp-json\/wp\/v2\/types\/post"}],"author":[{"embeddable":true,"href":"https:\/\/lahora.mx\/index.php\/wp-json\/wp\/v2\/users\/4"}],"replies":[{"embeddable":true,"href":"https:\/\/lahora.mx\/index.php\/wp-json\/wp\/v2\/comments?post=9555"}],"version-history":[{"count":2,"href":"https:\/\/lahora.mx\/index.php\/wp-json\/wp\/v2\/posts\/9555\/revisions"}],"predecessor-version":[{"id":13239,"href":"https:\/\/lahora.mx\/index.php\/wp-json\/wp\/v2\/posts\/9555\/revisions\/13239"}],"wp:featuredmedia":[{"embeddable":true,"href":"https:\/\/lahora.mx\/index.php\/wp-json\/wp\/v2\/media\/9556"}],"wp:attachment":[{"href":"https:\/\/lahora.mx\/index.php\/wp-json\/wp\/v2\/media?parent=9555"}],"wp:term":[{"taxonomy":"category","embeddable":true,"href":"https:\/\/lahora.mx\/index.php\/wp-json\/wp\/v2\/categories?post=9555"},{"taxonomy":"post_tag","embeddable":true,"href":"https:\/\/lahora.mx\/index.php\/wp-json\/wp\/v2\/tags?post=9555"}],"curies":[{"name":"wp","href":"https:\/\/api.w.org\/{rel}","templated":true}]}}