{"id":9531,"date":"2022-07-07T17:00:13","date_gmt":"2022-07-07T17:00:13","guid":{"rendered":"http:\/\/lahora.mx\/?p=9531"},"modified":"2022-07-07T17:00:14","modified_gmt":"2022-07-07T17:00:14","slug":"se-acelera-la-inflacion-en-mexico-a-7-99-durante-junio-presionan-los-precios-de-alimentos","status":"publish","type":"post","link":"https:\/\/lahora.mx\/index.php\/2022\/07\/07\/se-acelera-la-inflacion-en-mexico-a-7-99-durante-junio-presionan-los-precios-de-alimentos\/","title":{"rendered":"Se acelera la inflaci\u00f3n en M\u00e9xico a 7.99% durante junio, presionan los precios de alimentos"},"content":{"rendered":"\n<p>Durante junio del 2022, la tasa de inflaci\u00f3n interanual se ubic\u00f3 en 7.99% a escala nacional. Esto implic\u00f3 una aceleraci\u00f3n de 0.84% con respecto a mayo, report\u00f3 el Instituto Nacional de Estad\u00edstica y Geograf\u00eda (Inegi). El dato reportado por el Inegi es el mayor desde hace 21 a\u00f1os.<\/p>\n\n\n\n<p>El dato es mayor al aumento de precios que se present\u00f3 en mayo, de 7.65% a tasa anual; asimismo, qued\u00f3 por arriba de lo esperado por el mercado dado que se estimaba 7.96%, de acuerdo con los analistas consultados por la Encuesta Citibanamex de Expectativas.<\/p>\n\n\n\n<p>Con el dato de junio, la inflaci\u00f3n lleva 15 meses fuera del objetivo de 3% +\/-1 punto porcentual del Banco de M\u00e9xico (Banxico). Y ocho meses en el rango del 7 por ciento.<\/p>\n\n\n\n<p>Hace dos semanas, la junta de gobierno del Banco de M\u00e9xico sigui\u00f3 la l\u00ednea de la Reserva Federal (Fed) de Estados Unidos y aument\u00f3 su tasa de inter\u00e9s en 75 puntos base, para dejarla en un nivel de 7.75 por ciento.<\/p>\n\n\n\n<p>Esta es la primera vez, desde que el banco central adopt\u00f3 el objetivo de inflaci\u00f3n de 3% +\/-1 punto porcentual, que se realiza un alza de esa magnitud, y con esta decisi\u00f3n suman nueve incrementos consecutivos en la tasa de inter\u00e9s de Banxico.<\/p>\n\n\n\n<p>La decisi\u00f3n, de acuerdo con el comunicado del Banco de M\u00e9xico, se dio de manera un\u00e1nime al considerar la magnitud y la diversidad de choques que han afectado a la inflaci\u00f3n.<\/p>\n\n\n\n<p>El banco central ha previsto que la inflaci\u00f3n podr\u00eda llegar a 8.1% anual, al cierre del tercer trimestre y finalizar el 2022 en 7.5 por ciento.<\/p>\n\n\n\n<p>Inflaci\u00f3n subyacente<br>El Inegi inform\u00f3 que la inflaci\u00f3n subyacente, en la cual el Banxico se fija para su decisi\u00f3n de pol\u00edtica monetaria y que elimina de su c\u00e1lculo los bienes y servicios con precios m\u00e1s vol\u00e1tiles, registr\u00f3 en junio 7.49% anual, lo que represent\u00f3 una aceleraci\u00f3n de 0.77% con respecto a mayo.<\/p>\n\n\n\n<p>Datos del Inegi revelaron que la inflaci\u00f3n subyacente registr\u00f3 en junio 19 meses consecutivos con aumentos. Y tres meses al hilo en el rango del 7 por ciento.<\/p>\n\n\n\n<p>Al interior de la inflaci\u00f3n subyacente, las mercanc\u00edas registraron 9.91% anual, esto represent\u00f3 una aceleraci\u00f3n mensual de 1.00 por ciento. Dentro de esta rama, los alimentos, bebidas y tabaco registraron 11.84% anual.<\/p>\n\n\n\n<p>En tanto, los servicios se ubicaron en 4.76% anual y con ello mostraron una aceleraci\u00f3n mensual de 0.50 por ciento. Al interior de la rama, otros servicios registr\u00f3 6.61% a tasa anual con lo cual mostr\u00f3 una aceleraci\u00f3n mensual de 0.73 por ciento.<\/p>\n\n\n\n<p>Inflaci\u00f3n no subyacente<br>Paralelamente, el Inegi report\u00f3 que la inflaci\u00f3n no subyacente se ubic\u00f3 en 9.47% anual en junio, lo cual es una aceleraci\u00f3n de 1.07% en comparaci\u00f3n con mayo.<\/p>\n\n\n\n<p>Los productos agropecuarios presionaron a la inflaci\u00f3n no subyacente dado que registraron 15.02% en junio, lo cual es una aceleraci\u00f3n de 1.76% en comparaci\u00f3n con mayo<\/p>\n\n\n\n<p>Al interior del sector, los energ\u00e9ticos y tarifas autorizadas por el gobierno registraron una inflaci\u00f3n anual de 5.22%, esto es una aceleraci\u00f3n de 0.49% en comparaci\u00f3n con el mes previo.<\/p>\n","protected":false},"excerpt":{"rendered":"<p>Durante junio del 2022, la tasa de inflaci\u00f3n interanual se ubic\u00f3 en 7.99% a escala nacional. Esto implic\u00f3 una aceleraci\u00f3n de 0.84% con respecto a mayo, report\u00f3 el Instituto Nacional de Estad\u00edstica y Geograf\u00eda (Inegi). El dato reportado por el Inegi es el mayor desde hace 21 a\u00f1os. El dato es mayor al aumento de [&hellip;]<\/p>\n","protected":false},"author":4,"featured_media":9532,"comment_status":"open","ping_status":"open","sticky":false,"template":"","format":"standard","meta":{"om_disable_all_campaigns":false,"_monsterinsights_skip_tracking":false,"_monsterinsights_sitenote_active":false,"_monsterinsights_sitenote_note":"","_monsterinsights_sitenote_category":0,"footnotes":""},"categories":[176],"tags":[195],"class_list":["post-9531","post","type-post","status-publish","format-standard","has-post-thumbnail","hentry","category-nacional","tag-principal"],"amp_enabled":true,"_links":{"self":[{"href":"https:\/\/lahora.mx\/index.php\/wp-json\/wp\/v2\/posts\/9531","targetHints":{"allow":["GET"]}}],"collection":[{"href":"https:\/\/lahora.mx\/index.php\/wp-json\/wp\/v2\/posts"}],"about":[{"href":"https:\/\/lahora.mx\/index.php\/wp-json\/wp\/v2\/types\/post"}],"author":[{"embeddable":true,"href":"https:\/\/lahora.mx\/index.php\/wp-json\/wp\/v2\/users\/4"}],"replies":[{"embeddable":true,"href":"https:\/\/lahora.mx\/index.php\/wp-json\/wp\/v2\/comments?post=9531"}],"version-history":[{"count":1,"href":"https:\/\/lahora.mx\/index.php\/wp-json\/wp\/v2\/posts\/9531\/revisions"}],"predecessor-version":[{"id":9533,"href":"https:\/\/lahora.mx\/index.php\/wp-json\/wp\/v2\/posts\/9531\/revisions\/9533"}],"wp:featuredmedia":[{"embeddable":true,"href":"https:\/\/lahora.mx\/index.php\/wp-json\/wp\/v2\/media\/9532"}],"wp:attachment":[{"href":"https:\/\/lahora.mx\/index.php\/wp-json\/wp\/v2\/media?parent=9531"}],"wp:term":[{"taxonomy":"category","embeddable":true,"href":"https:\/\/lahora.mx\/index.php\/wp-json\/wp\/v2\/categories?post=9531"},{"taxonomy":"post_tag","embeddable":true,"href":"https:\/\/lahora.mx\/index.php\/wp-json\/wp\/v2\/tags?post=9531"}],"curies":[{"name":"wp","href":"https:\/\/api.w.org\/{rel}","templated":true}]}}