{"id":9423,"date":"2022-06-16T01:47:00","date_gmt":"2022-06-16T01:47:00","guid":{"rendered":"http:\/\/lahora.mx\/?p=9423"},"modified":"2022-07-06T01:50:30","modified_gmt":"2022-07-06T01:50:30","slug":"presentan-en-comision-de-presupuesto-y-credito-publico-la-integracion-de-la-ley-de-ingresos","status":"publish","type":"post","link":"https:\/\/lahora.mx\/index.php\/2022\/06\/16\/presentan-en-comision-de-presupuesto-y-credito-publico-la-integracion-de-la-ley-de-ingresos\/","title":{"rendered":"Presentan en Comisi\u00f3n de Presupuesto y Cr\u00e9dito P\u00fablico la integraci\u00f3n de la Ley de Ingresos"},"content":{"rendered":"\n<p>Las y los diputados integrantes de la Comisi\u00f3n de Presupuesto y Cr\u00e9dito P\u00fablico de la LXI Legislatura del Congreso del Estado de Puebla recibieron al subsecretario de Ingresos de la Secretar\u00eda de Planeaci\u00f3n y Finanzas, Andr\u00e9s Villase\u00f1or Herrero, quien present\u00f3 la integraci\u00f3n de la Ley de Ingresos.<\/p>\n\n\n\n<p>Durante la sesi\u00f3n, el funcionario estatal detall\u00f3 a los diputados los criterios y metodolog\u00eda que se utilizan para la integraci\u00f3n de los Anteproyectos de la Ley de Ingresos y Egresos, documentos que integra la Secretar\u00eda de Planeaci\u00f3n y Finanzas.<\/p>\n\n\n\n<p>El presidente de la Comisi\u00f3n de Presupuesto y Cr\u00e9dito P\u00fablico, Fernando S\u00e1nchez Sasia se\u00f1al\u00f3 que la disciplina en el ejercicio de los recursos ha permitido atender temas sociales, de seguridad y de salud en el estado.<\/p>\n\n\n\n<p>La diputada Nancy Jim\u00e9nez Morales pidi\u00f3 continuar con mesas de trabajo en los pr\u00f3ximos meses para la integraci\u00f3n del presupuesto, con el objetivo de incluir las necesidades de los poblanos.<\/p>\n\n\n\n<p>En su momento, el diputado Jorge Estefan Chidiac expuso la situaci\u00f3n econ\u00f3mica por la que atraviesa el pa\u00eds en cuesti\u00f3n de ingresos y solicit\u00f3 un panorama de los recursos recibidos en el estado.<\/p>\n\n\n\n<p>Al respecto, Andr\u00e9s Villase\u00f1or Herrero coment\u00f3 que entre enero y mayo el estado de Puebla ha recibido m\u00e1s recursos de los programados, pues hay un amplio margen de participaciones federales.<\/p>\n\n\n\n<p>Destac\u00f3 que, hasta ahora, no se prev\u00e9n nuevos impuestos, ya que el objetivo es ser m\u00e1s eficientes en la estructura tributaria existente, as\u00ed como mantener las medidas de racionalidad.<br>\u201cEn t\u00e9rminos de ingresos locales vamos casi un 12 por ciento arriba de lo que tra\u00edamos programado, hemos hecho un esfuerzo amplio en eficientar nuestros procesos a ra\u00edz de la pandemia\u201d, agreg\u00f3.<\/p>\n\n\n\n<p>A la Comisi\u00f3n de Presupuesto y Cr\u00e9dito P\u00fablico tambi\u00e9n asistieron las diputadas Nora Merino Escamilla, Tonantzin Fern\u00e1ndez D\u00edaz, Karla Rodr\u00edguez Palacios y el diputado Roberto Sol\u00eds Valles.<\/p>\n","protected":false},"excerpt":{"rendered":"<p>Las y los diputados integrantes de la Comisi\u00f3n de Presupuesto y Cr\u00e9dito P\u00fablico de la LXI Legislatura del Congreso del Estado de Puebla recibieron al subsecretario de Ingresos de la Secretar\u00eda de Planeaci\u00f3n y Finanzas, Andr\u00e9s Villase\u00f1or Herrero, quien present\u00f3 la integraci\u00f3n de la Ley de Ingresos. Durante la sesi\u00f3n, el funcionario estatal detall\u00f3 a [&hellip;]<\/p>\n","protected":false},"author":4,"featured_media":9424,"comment_status":"open","ping_status":"open","sticky":false,"template":"","format":"standard","meta":{"om_disable_all_campaigns":false,"_monsterinsights_skip_tracking":false,"_monsterinsights_sitenote_active":false,"_monsterinsights_sitenote_note":"","_monsterinsights_sitenote_category":0,"footnotes":""},"categories":[175],"tags":[223],"class_list":["post-9423","post","type-post","status-publish","format-standard","has-post-thumbnail","hentry","category-local","tag-puebla"],"amp_enabled":true,"_links":{"self":[{"href":"https:\/\/lahora.mx\/index.php\/wp-json\/wp\/v2\/posts\/9423","targetHints":{"allow":["GET"]}}],"collection":[{"href":"https:\/\/lahora.mx\/index.php\/wp-json\/wp\/v2\/posts"}],"about":[{"href":"https:\/\/lahora.mx\/index.php\/wp-json\/wp\/v2\/types\/post"}],"author":[{"embeddable":true,"href":"https:\/\/lahora.mx\/index.php\/wp-json\/wp\/v2\/users\/4"}],"replies":[{"embeddable":true,"href":"https:\/\/lahora.mx\/index.php\/wp-json\/wp\/v2\/comments?post=9423"}],"version-history":[{"count":1,"href":"https:\/\/lahora.mx\/index.php\/wp-json\/wp\/v2\/posts\/9423\/revisions"}],"predecessor-version":[{"id":9425,"href":"https:\/\/lahora.mx\/index.php\/wp-json\/wp\/v2\/posts\/9423\/revisions\/9425"}],"wp:featuredmedia":[{"embeddable":true,"href":"https:\/\/lahora.mx\/index.php\/wp-json\/wp\/v2\/media\/9424"}],"wp:attachment":[{"href":"https:\/\/lahora.mx\/index.php\/wp-json\/wp\/v2\/media?parent=9423"}],"wp:term":[{"taxonomy":"category","embeddable":true,"href":"https:\/\/lahora.mx\/index.php\/wp-json\/wp\/v2\/categories?post=9423"},{"taxonomy":"post_tag","embeddable":true,"href":"https:\/\/lahora.mx\/index.php\/wp-json\/wp\/v2\/tags?post=9423"}],"curies":[{"name":"wp","href":"https:\/\/api.w.org\/{rel}","templated":true}]}}