{"id":9331,"date":"2022-07-04T22:42:04","date_gmt":"2022-07-04T22:42:04","guid":{"rendered":"http:\/\/lahora.mx\/?p=9331"},"modified":"2022-07-04T22:42:05","modified_gmt":"2022-07-04T22:42:05","slug":"la-gobernadora-lorena-cuellar-festeja-al-gremio-periodistico-de-tlaxcala","status":"publish","type":"post","link":"https:\/\/lahora.mx\/index.php\/2022\/07\/04\/la-gobernadora-lorena-cuellar-festeja-al-gremio-periodistico-de-tlaxcala\/","title":{"rendered":"La gobernadora Lorena Cu\u00e9llar Festeja al gremio period\u00edstico de Tlaxcala"},"content":{"rendered":"\n<p>Con la presencia de representantes de diversos medios de comunicaci\u00f3n, la gobernadora Lorena Cu\u00e9llar Cisneros festej\u00f3 el D\u00eda del Periodista en el estado de Tlaxcala, por lo que reconoci\u00f3 el profesionalismo e intenso trabajo que desempe\u00f1an cada d\u00eda para mantener informada a la poblaci\u00f3n.<\/p>\n\n\n\n<p>En su mensaje, la mandataria estatal felicit\u00f3 a las y los comunicadores en su d\u00eda y enalteci\u00f3 la labor period\u00edstica que realizan desde su \u00e1rea de trabajo, \u00abs\u00e9 lo dif\u00edcil que es cubrir un evento, quiero agradecerles a ustedes toda su labor y profesionalismo\u00bb.<\/p>\n\n\n\n<p>Acompa\u00f1ada de la titular de la Coordinaci\u00f3n de Comunicaci\u00f3n (CCOM), Ang\u00e9lica Dom\u00ednguez Hern\u00e1ndez, reiter\u00f3 su apoyo a este gremio sin distinciones, \u00absiempre encontrar\u00e1n en m\u00ed a una amiga, estar\u00e9 preocupada por tenderles la mano. Sigamos trabajando estos a\u00f1os que faltan en un gobierno cercano, cuando me necesiten ah\u00ed voy a estar\u00bb.<\/p>\n\n\n\n<p>Cu\u00e9llar Cisneros agradeci\u00f3 la difusi\u00f3n que realizan los diversos medios de comunicaci\u00f3n para que la gente conozca las acciones y programas que efect\u00faa el Gobierno del Estado, a fin de que llegue el bienestar y el desarrollo a toda la poblaci\u00f3n, \u00abquiero para este estado lo mejor (\u2026) necesito que todos me ayuden para que juntos hagamos una nueva historia para Tlaxcala\u00bb.<\/p>\n\n\n\n<p>\u00abGracias por todos esos d\u00edas que los veo trabajar intensamente, mi agradecimiento profundo a todas y todos, servir\u00e9 a todos sin ninguna distinci\u00f3n y deseo que sea un d\u00eda lindo para ustedes\u00bb, agreg\u00f3 la titular del Ejecutivo local.<\/p>\n\n\n\n<p>En el marco del D\u00eda del Periodista que se celebra desde el a\u00f1o 2002, la mandataria local convivi\u00f3 y salud\u00f3 a los periodistas en Casa de Gobierno, a quienes refrend\u00f3 su respaldo, as\u00ed como el respeto a la libertad de expresi\u00f3n, ya que garantiz\u00f3 el derecho a la informaci\u00f3n consagrado en el art\u00edculo sexto de la Carta Magna, pues el objetivo es que llegue cabal y puntualmente a todos los ciudadanos.<\/p>\n\n\n\n<p>Sostuvo que el Gobierno del Estado mantiene apertura y disposici\u00f3n para lograr que de manera conjunta la poblaci\u00f3n de Tlaxcala cumpla sue\u00f1os, por ello su gobierno desarrolla diversos programas que se dan a conocer a trav\u00e9s de los medios de comunicaci\u00f3n.<\/p>\n\n\n\n<p>Mencion\u00f3 que es indispensable que Tlaxcala se desarrolle para que haya m\u00e1s turismo, que lleguen m\u00e1s empresas a instalarse para que sea mayor el empleo.<\/p>\n\n\n\n<p>Para la administraci\u00f3n encabezada por Cuellar Cisneros, es fundamental reconocer la labor del periodismo local al informar, difundir, opinar y realizar todas las actividades inherentes al trabajo del reportero, periodista, columnista, de quienes hacen trabajo de investigaci\u00f3n y a su vez permiten que la sociedad en general se entere de todo el acontecer p\u00fablico y social.<\/p>\n\n\n\n<p>El Gobierno del Estado, en este proceso de la Cuarta Transformaci\u00f3n, cumple la obligaci\u00f3n de no mentir, no robar y no traicionar al pueblo de Tlaxcala, por lo que defiende y defender\u00e1 el acceso a la informaci\u00f3n, a la libre expresi\u00f3n de las ideas y las garant\u00edas relacionadas con el derecho de imprenta y de prensa.<\/p>\n","protected":false},"excerpt":{"rendered":"<p>Con la presencia de representantes de diversos medios de comunicaci\u00f3n, la gobernadora Lorena Cu\u00e9llar Cisneros festej\u00f3 el D\u00eda del Periodista en el estado de Tlaxcala, por lo que reconoci\u00f3 el profesionalismo e intenso trabajo que desempe\u00f1an cada d\u00eda para mantener informada a la poblaci\u00f3n. En su mensaje, la mandataria estatal felicit\u00f3 a las y los [&hellip;]<\/p>\n","protected":false},"author":4,"featured_media":9332,"comment_status":"open","ping_status":"open","sticky":false,"template":"","format":"standard","meta":{"om_disable_all_campaigns":false,"_monsterinsights_skip_tracking":false,"_monsterinsights_sitenote_active":false,"_monsterinsights_sitenote_note":"","_monsterinsights_sitenote_category":0,"footnotes":""},"categories":[175],"tags":[210],"class_list":["post-9331","post","type-post","status-publish","format-standard","has-post-thumbnail","hentry","category-local","tag-tlaxcala"],"amp_enabled":true,"_links":{"self":[{"href":"https:\/\/lahora.mx\/index.php\/wp-json\/wp\/v2\/posts\/9331","targetHints":{"allow":["GET"]}}],"collection":[{"href":"https:\/\/lahora.mx\/index.php\/wp-json\/wp\/v2\/posts"}],"about":[{"href":"https:\/\/lahora.mx\/index.php\/wp-json\/wp\/v2\/types\/post"}],"author":[{"embeddable":true,"href":"https:\/\/lahora.mx\/index.php\/wp-json\/wp\/v2\/users\/4"}],"replies":[{"embeddable":true,"href":"https:\/\/lahora.mx\/index.php\/wp-json\/wp\/v2\/comments?post=9331"}],"version-history":[{"count":1,"href":"https:\/\/lahora.mx\/index.php\/wp-json\/wp\/v2\/posts\/9331\/revisions"}],"predecessor-version":[{"id":9333,"href":"https:\/\/lahora.mx\/index.php\/wp-json\/wp\/v2\/posts\/9331\/revisions\/9333"}],"wp:featuredmedia":[{"embeddable":true,"href":"https:\/\/lahora.mx\/index.php\/wp-json\/wp\/v2\/media\/9332"}],"wp:attachment":[{"href":"https:\/\/lahora.mx\/index.php\/wp-json\/wp\/v2\/media?parent=9331"}],"wp:term":[{"taxonomy":"category","embeddable":true,"href":"https:\/\/lahora.mx\/index.php\/wp-json\/wp\/v2\/categories?post=9331"},{"taxonomy":"post_tag","embeddable":true,"href":"https:\/\/lahora.mx\/index.php\/wp-json\/wp\/v2\/tags?post=9331"}],"curies":[{"name":"wp","href":"https:\/\/api.w.org\/{rel}","templated":true}]}}