{"id":933,"date":"2021-12-27T00:06:00","date_gmt":"2021-12-27T00:06:00","guid":{"rendered":"http:\/\/lahora.mx\/?p=933"},"modified":"2021-12-27T02:19:35","modified_gmt":"2021-12-27T02:19:35","slug":"ayuntamiento-recurre-al-tepjf-para-que-iee-realice-plebiscitos","status":"publish","type":"post","link":"https:\/\/lahora.mx\/index.php\/2021\/12\/27\/ayuntamiento-recurre-al-tepjf-para-que-iee-realice-plebiscitos\/","title":{"rendered":"Ayuntamiento Recurre al TEPJF para que IEE realice plebiscitos"},"content":{"rendered":"<p>El ayuntamiento de Puebla recurri\u00f3 al TEPJF para buscar que el Instituto Electoral del Estado (IEE)\u00a0<strong>realice los plebiscitos<\/strong>\u00a0para renovar las presidencias de las\u00a0<strong>17 juntas auxiliares de la capital.<\/strong><\/p>\n<p>La Sindicatura del ayuntamiento a cargo a\u00a0<strong>Guadalupe Arrubarrena Garc\u00eda<\/strong>\u00a0promovi\u00f3 un juicio electoral para combatir el acuerdo con el cual el instituto rechaz\u00f3 hacerse cargo.<\/p>\n<p>El recurso fue interpuesto en la\u00a0<strong>Sala Regional Ciudad de M\u00e9xico<\/strong>\u00a0del Tribunal Electoral del Poder Judicial de la Federaci\u00f3n (TEPJF), que lo admiti\u00f3 en el expediente\u00a0<strong>SCM-JE-212\/2021.<\/strong><\/p>\n<div id=\"div-gpt-ad-1595629171961-0\" class=\"text-center mt-3 mb-3\">Con \u00e9l\u00a0<strong>demanda revocar el acuerdo CG\/AC-253\/2021<\/strong>, mediante el cual el IEE inform\u00f3 a la Secretar\u00eda de Gobernaci\u00f3n Municipal (SEGOM) que no pod\u00eda asumir la organizaci\u00f3n de los plebiscitos porque carece de facultades legales<br \/>\ntras esta respuesta la comisi\u00f3n de Gobernaci\u00f3n del cabildo aprob\u00f3 el jueves la convocatoria para los plebiscitos, mismos que se realizar\u00e1n el 6 de marzo de 2022, aunque regidores advirtieron que el ayuntamiento insistir\u00eda en que el IEE se haga cargo bajo la premisa de que esto dar\u00e1 mayor certeza y legitimidad a las elecciones.&nbsp;<\/p>\n<\/div>\n","protected":false},"excerpt":{"rendered":"<p>El ayuntamiento de Puebla recurri\u00f3 al TEPJF para buscar que el Instituto Electoral del Estado (IEE)\u00a0realice los plebiscitos\u00a0para renovar las presidencias de las\u00a017 juntas auxiliares de la capital. La Sindicatura del ayuntamiento a cargo a\u00a0Guadalupe Arrubarrena Garc\u00eda\u00a0promovi\u00f3 un juicio electoral para combatir el acuerdo con el cual el instituto rechaz\u00f3 hacerse cargo. El recurso fue [&hellip;]<\/p>\n","protected":false},"author":4,"featured_media":934,"comment_status":"open","ping_status":"open","sticky":false,"template":"","format":"standard","meta":{"om_disable_all_campaigns":false,"_monsterinsights_skip_tracking":false,"_monsterinsights_sitenote_active":false,"_monsterinsights_sitenote_note":"","_monsterinsights_sitenote_category":0,"footnotes":""},"categories":[176],"tags":[195],"class_list":["post-933","post","type-post","status-publish","format-standard","has-post-thumbnail","hentry","category-nacional","tag-principal"],"amp_enabled":true,"_links":{"self":[{"href":"https:\/\/lahora.mx\/index.php\/wp-json\/wp\/v2\/posts\/933","targetHints":{"allow":["GET"]}}],"collection":[{"href":"https:\/\/lahora.mx\/index.php\/wp-json\/wp\/v2\/posts"}],"about":[{"href":"https:\/\/lahora.mx\/index.php\/wp-json\/wp\/v2\/types\/post"}],"author":[{"embeddable":true,"href":"https:\/\/lahora.mx\/index.php\/wp-json\/wp\/v2\/users\/4"}],"replies":[{"embeddable":true,"href":"https:\/\/lahora.mx\/index.php\/wp-json\/wp\/v2\/comments?post=933"}],"version-history":[{"count":2,"href":"https:\/\/lahora.mx\/index.php\/wp-json\/wp\/v2\/posts\/933\/revisions"}],"predecessor-version":[{"id":946,"href":"https:\/\/lahora.mx\/index.php\/wp-json\/wp\/v2\/posts\/933\/revisions\/946"}],"wp:featuredmedia":[{"embeddable":true,"href":"https:\/\/lahora.mx\/index.php\/wp-json\/wp\/v2\/media\/934"}],"wp:attachment":[{"href":"https:\/\/lahora.mx\/index.php\/wp-json\/wp\/v2\/media?parent=933"}],"wp:term":[{"taxonomy":"category","embeddable":true,"href":"https:\/\/lahora.mx\/index.php\/wp-json\/wp\/v2\/categories?post=933"},{"taxonomy":"post_tag","embeddable":true,"href":"https:\/\/lahora.mx\/index.php\/wp-json\/wp\/v2\/tags?post=933"}],"curies":[{"name":"wp","href":"https:\/\/api.w.org\/{rel}","templated":true}]}}