{"id":9313,"date":"2022-07-04T22:22:23","date_gmt":"2022-07-04T22:22:23","guid":{"rendered":"http:\/\/lahora.mx\/?p=9313"},"modified":"2022-07-04T22:22:24","modified_gmt":"2022-07-04T22:22:24","slug":"es-cateada-la-casa-de-alito-moreno-en-campeche-por-investigacion-de-enriquecimiento-ilicito","status":"publish","type":"post","link":"https:\/\/lahora.mx\/index.php\/2022\/07\/04\/es-cateada-la-casa-de-alito-moreno-en-campeche-por-investigacion-de-enriquecimiento-ilicito\/","title":{"rendered":"Es cateada la casa de \u201cAlito\u201d Moreno en Campeche por investigaci\u00f3n de enriquecimiento il\u00edcito"},"content":{"rendered":"\n<p>En un operativo encabezado por el fiscal general de Campeche, Renato Sales Heredia, alrededor de 30 agentes ministeriales realizaron un cateo en la casa que el dirigente nacional del Partido Revolucionario Institucional (PRI), Alejandro Moreno C\u00e1rdenas, tiene en el fraccionamiento Lomas del Castillo, una zona residencial de la entidad.<\/p>\n\n\n\n<p>Sales Heredia confirm\u00f3 que el cateo forma parte de la carpeta de investigaci\u00f3n por enriquecimiento il\u00edcito que se tiene en contra de \u201cAlito\u201d Moreno. El pasado 26 de abril, el titular de la Fiscal\u00eda General del Estado (FGE) confirm\u00f3 la existencia de la carpeta de investigaci\u00f3n en contra de Alejandro Moreno C\u00e1rdenas, por enriquecimiento il\u00edcito.<\/p>\n\n\n\n<p>El equipo m\u00e9dico de Maradona ir\u00e1 a juicio por presunto homicidio<br>Te puede interesar: FGE de Campeche confirma carpeta de investigaci\u00f3n contra Alito Moreno<br>Entonces Sales Heredia refiri\u00f3 la \u201cnotoria desproporci\u00f3n\u201d entre los ingresos de \u201cAlito\u201d como funcionario p\u00fablico y los bienes que posee, como departamentos en Polanco en la Ciudad de M\u00e9xico y en el municipio de Campeche, as\u00ed como sus mansiones en el Country Club o Campeche Hills.<\/p>\n\n\n\n<p>\u201cLa FGE realiz\u00f3 una diligencia de cateo a la residencia de Alejandro Moreno C\u00e1rdenas, previamente autorizada por un juez, la que se desahog\u00f3 en todo momento en presencia del abogado defensor, respetando el debido proceso del indiciado\u201d.<\/p>\n\n\n\n<p>\u2014 Escribi\u00f3 Layda Sansores en su cuenta de Twitter.<br>La FGE realiz\u00f3 una diligencia de cateo a la residencia de Alejandro Moreno C\u00e1rdenas, previamente autorizada por un Juez, la que se desahog\u00f3 en todo momento en presencia del abogado defensor, respetando el debido proceso del indiciado. pic.twitter.com\/ovvwsVpM9Q<\/p>\n\n\n\n<p>\u2014 Layda Sansores (@LaydaSansores) July 4, 2022<br>Cabe se\u00f1alar que desde inicios de marzo, la gobernadora de Campeche, Layda Sansores San Rom\u00e1n, aprovech\u00f3 la emisi\u00f3n del llamado \u201cMartes del Jaguar\u201d, para revelar una serie de controversias sobre el priista, entre las que figuran los presuntos fraudes inmobiliarios, el enriquecimiento il\u00edcito y un serie de grabaciones que revelan distintas conversaciones de \u201cAlito\u201d Moreno.<\/p>\n\n\n\n<p>Entre las filtraciones que Sansores ha hecho sobre el dirigente del PRI figuran los audios de la recepci\u00f3n de 25 millones de pesos por parte de Cin\u00e9polis para presuntos sobornos a 12 diputados de Michoac\u00e1n; tratos con proveedores de productos propagand\u00edsticos para la campa\u00f1a de Christian Castro Bello por la gubernatura de Campeche en 2021; y de los pagos millonarios al publicista Antonio Sol\u00e1, a quien se le atribuye la frase \u201cL\u00f3pez Obrador es un peligro para M\u00e9xico\u201d.<\/p>\n\n\n\n<p>La \u00faltima grabaci\u00f3n que Sansores revel\u00f3 el pasado 28 de junio, exhibe al presidente del PRI hablar de facturar millonarios gastos de campa\u00f1a con Televisa. Asimismo, la mandataria adelant\u00f3 que este 5 de julio filtrar\u00e1 otro audio de Morenos C\u00e1rdenas, y llam\u00f3 a \u201cempresarios y Televisa\u201d a estar atentos.<\/p>\n","protected":false},"excerpt":{"rendered":"<p>En un operativo encabezado por el fiscal general de Campeche, Renato Sales Heredia, alrededor de 30 agentes ministeriales realizaron un cateo en la casa que el dirigente nacional del Partido Revolucionario Institucional (PRI), Alejandro Moreno C\u00e1rdenas, tiene en el fraccionamiento Lomas del Castillo, una zona residencial de la entidad. Sales Heredia confirm\u00f3 que el cateo [&hellip;]<\/p>\n","protected":false},"author":4,"featured_media":9314,"comment_status":"open","ping_status":"open","sticky":false,"template":"","format":"standard","meta":{"om_disable_all_campaigns":false,"_monsterinsights_skip_tracking":false,"_monsterinsights_sitenote_active":false,"_monsterinsights_sitenote_note":"","_monsterinsights_sitenote_category":0,"footnotes":""},"categories":[176],"tags":[],"class_list":["post-9313","post","type-post","status-publish","format-standard","has-post-thumbnail","hentry","category-nacional"],"amp_enabled":true,"_links":{"self":[{"href":"https:\/\/lahora.mx\/index.php\/wp-json\/wp\/v2\/posts\/9313","targetHints":{"allow":["GET"]}}],"collection":[{"href":"https:\/\/lahora.mx\/index.php\/wp-json\/wp\/v2\/posts"}],"about":[{"href":"https:\/\/lahora.mx\/index.php\/wp-json\/wp\/v2\/types\/post"}],"author":[{"embeddable":true,"href":"https:\/\/lahora.mx\/index.php\/wp-json\/wp\/v2\/users\/4"}],"replies":[{"embeddable":true,"href":"https:\/\/lahora.mx\/index.php\/wp-json\/wp\/v2\/comments?post=9313"}],"version-history":[{"count":1,"href":"https:\/\/lahora.mx\/index.php\/wp-json\/wp\/v2\/posts\/9313\/revisions"}],"predecessor-version":[{"id":9315,"href":"https:\/\/lahora.mx\/index.php\/wp-json\/wp\/v2\/posts\/9313\/revisions\/9315"}],"wp:featuredmedia":[{"embeddable":true,"href":"https:\/\/lahora.mx\/index.php\/wp-json\/wp\/v2\/media\/9314"}],"wp:attachment":[{"href":"https:\/\/lahora.mx\/index.php\/wp-json\/wp\/v2\/media?parent=9313"}],"wp:term":[{"taxonomy":"category","embeddable":true,"href":"https:\/\/lahora.mx\/index.php\/wp-json\/wp\/v2\/categories?post=9313"},{"taxonomy":"post_tag","embeddable":true,"href":"https:\/\/lahora.mx\/index.php\/wp-json\/wp\/v2\/tags?post=9313"}],"curies":[{"name":"wp","href":"https:\/\/api.w.org\/{rel}","templated":true}]}}