{"id":9292,"date":"2022-07-04T16:30:38","date_gmt":"2022-07-04T16:30:38","guid":{"rendered":"http:\/\/lahora.mx\/?p=9292"},"modified":"2022-07-04T16:30:38","modified_gmt":"2022-07-04T16:30:38","slug":"deben-limpiar-mercados-coptados-por-la-delincuencia-barbosa","status":"publish","type":"post","link":"https:\/\/lahora.mx\/index.php\/2022\/07\/04\/deben-limpiar-mercados-coptados-por-la-delincuencia-barbosa\/","title":{"rendered":"Deben limpiar mercados coptados por la delincuencia: Barbosa"},"content":{"rendered":"\n<p>Todos los mercados deben ser custodiados por las polic\u00edas municipales, por ello, esta situaci\u00f3n de tener mercados unundados de delincuencia es un asunto que se debe corregir entre todos, pero principalmente por el ayuntamiento, no m\u00e1s pretextos, dej\u00f3 en claro el mandatario estatal, Miguel Barbosa Huerta.<\/p>\n\n\n\n<p>En conferencia matutina habl\u00f3 sobre el opoerativo realizado el fin de semana en La Cuchilla debido al alto n\u00famero de denuncias de hechos delictivos que ha\u00ed se registran, por lo que fueron cateados locales y bodegas, donde se hallaron armas, droga, cartuchos \u00fatiles, veh\u00edculos, y hasta hubo una persona detenida.<\/p>\n\n\n\n<p>Recalc\u00f3 que la investigaci\u00f3n de hechos delictivos no queda s\u00f3lo en el operativo para que ahora se levante y se entregue el espacio nuevamente a los que realizan actividades delictivas, \u00ab\u2026 hay que limpiar toda La Cuchilla y todos los mercados\u00bb.<\/p>\n\n\n\n<p>Finalmente, dijo que es grave que un mercado sea un lugar de distribuci\u00f3n de drogas y funcione como un centro delincuencial, \u00ab\u2026 que nadie piense&nbsp;que s\u00f3lo es de horas y regresar a delinquir en los locales y espacios que est\u00e1n ah\u00ed, vamos a enfrentar esta situaci\u00f3n con o sin el ayuntamiento, no podemos ser omisos a esta realidad fuerte y delicada\u00bb, concluy\u00f3.<\/p>\n","protected":false},"excerpt":{"rendered":"<p>Todos los mercados deben ser custodiados por las polic\u00edas municipales, por ello, esta situaci\u00f3n de tener mercados unundados de delincuencia es un asunto que se debe corregir entre todos, pero principalmente por el ayuntamiento, no m\u00e1s pretextos, dej\u00f3 en claro el mandatario estatal, Miguel Barbosa Huerta. En conferencia matutina habl\u00f3 sobre el opoerativo realizado el [&hellip;]<\/p>\n","protected":false},"author":4,"featured_media":9293,"comment_status":"open","ping_status":"open","sticky":false,"template":"","format":"standard","meta":{"om_disable_all_campaigns":false,"_monsterinsights_skip_tracking":false,"_monsterinsights_sitenote_active":false,"_monsterinsights_sitenote_note":"","_monsterinsights_sitenote_category":0,"footnotes":""},"categories":[175],"tags":[],"class_list":["post-9292","post","type-post","status-publish","format-standard","has-post-thumbnail","hentry","category-local"],"amp_enabled":true,"_links":{"self":[{"href":"https:\/\/lahora.mx\/index.php\/wp-json\/wp\/v2\/posts\/9292","targetHints":{"allow":["GET"]}}],"collection":[{"href":"https:\/\/lahora.mx\/index.php\/wp-json\/wp\/v2\/posts"}],"about":[{"href":"https:\/\/lahora.mx\/index.php\/wp-json\/wp\/v2\/types\/post"}],"author":[{"embeddable":true,"href":"https:\/\/lahora.mx\/index.php\/wp-json\/wp\/v2\/users\/4"}],"replies":[{"embeddable":true,"href":"https:\/\/lahora.mx\/index.php\/wp-json\/wp\/v2\/comments?post=9292"}],"version-history":[{"count":1,"href":"https:\/\/lahora.mx\/index.php\/wp-json\/wp\/v2\/posts\/9292\/revisions"}],"predecessor-version":[{"id":9294,"href":"https:\/\/lahora.mx\/index.php\/wp-json\/wp\/v2\/posts\/9292\/revisions\/9294"}],"wp:featuredmedia":[{"embeddable":true,"href":"https:\/\/lahora.mx\/index.php\/wp-json\/wp\/v2\/media\/9293"}],"wp:attachment":[{"href":"https:\/\/lahora.mx\/index.php\/wp-json\/wp\/v2\/media?parent=9292"}],"wp:term":[{"taxonomy":"category","embeddable":true,"href":"https:\/\/lahora.mx\/index.php\/wp-json\/wp\/v2\/categories?post=9292"},{"taxonomy":"post_tag","embeddable":true,"href":"https:\/\/lahora.mx\/index.php\/wp-json\/wp\/v2\/tags?post=9292"}],"curies":[{"name":"wp","href":"https:\/\/api.w.org\/{rel}","templated":true}]}}