{"id":9289,"date":"2022-07-04T15:49:09","date_gmt":"2022-07-04T15:49:09","guid":{"rendered":"http:\/\/lahora.mx\/?p=9289"},"modified":"2022-07-04T15:49:10","modified_gmt":"2022-07-04T15:49:10","slug":"se-consumen-500-toneladas-de-plastico-en-recicladora-tras-incendio","status":"publish","type":"post","link":"https:\/\/lahora.mx\/index.php\/2022\/07\/04\/se-consumen-500-toneladas-de-plastico-en-recicladora-tras-incendio\/","title":{"rendered":"Se consumen 500 toneladas de pl\u00e1stico en recicladora tras incendio"},"content":{"rendered":"\n<p>Cerca de 500 toneladas de pl\u00e1stico fueron consumidas por el fuego la madrugada de este lunes en una recicladora que se ubica en el entronque de las juntas auxiliares de San Miguel Canoa y La Resurrecci\u00f3n, donde hasta por la ma\u00f1ana de este mismo d\u00eda, bomberos contin\u00faan laborando para sofocar de manera total las llamas.<\/p>\n\n\n\n<p>El reporte al n\u00famero de emergencias 911 entr\u00f3 a las 3 horas de este 4 de julio, por lo anterior bomberos de Protecci\u00f3n Civil Municipal y del Estado se trasladaron a la zona donde se encontraron con un predio de 5 mil metros cuadrados donde combustionaba PET.<\/p>\n\n\n\n<p>A pesar de la dimensi\u00f3n del siniestro no hubo necesidad de evacuar a los vecinos m\u00e1s cercanos al lugar, sin embargo, a trav\u00e9s de sus redes sociales Protecci\u00f3n Civil Municipal solicit\u00f3 que la gente no se acercara a la zona.<\/p>\n\n\n\n<p>Ante los hechos hubo necesidad de realizar cierres de la circulaci\u00f3n en toda la periferia. Con la ayuda de pipas y moto bombas los vulcanos de ambas corporaciones iniciaron con el combate al fuego.<\/p>\n\n\n\n<p>Sin embargo, hasta las 8 de la ma\u00f1ana el avance en la mitigaci\u00f3n del fuego apenas era del 10 por ciento, seg\u00fan lo dado a conocer por Protecci\u00f3n Civil, por lo que los trabajos para terminar con el siniestro contin\u00faan esta ma\u00f1ana.<\/p>\n","protected":false},"excerpt":{"rendered":"<p>Cerca de 500 toneladas de pl\u00e1stico fueron consumidas por el fuego la madrugada de este lunes en una recicladora que se ubica en el entronque de las juntas auxiliares de San Miguel Canoa y La Resurrecci\u00f3n, donde hasta por la ma\u00f1ana de este mismo d\u00eda, bomberos contin\u00faan laborando para sofocar de manera total las llamas. [&hellip;]<\/p>\n","protected":false},"author":4,"featured_media":9290,"comment_status":"open","ping_status":"open","sticky":false,"template":"","format":"standard","meta":{"om_disable_all_campaigns":false,"_monsterinsights_skip_tracking":false,"_monsterinsights_sitenote_active":false,"_monsterinsights_sitenote_note":"","_monsterinsights_sitenote_category":0,"footnotes":""},"categories":[175],"tags":[223],"class_list":["post-9289","post","type-post","status-publish","format-standard","has-post-thumbnail","hentry","category-local","tag-puebla"],"amp_enabled":true,"_links":{"self":[{"href":"https:\/\/lahora.mx\/index.php\/wp-json\/wp\/v2\/posts\/9289","targetHints":{"allow":["GET"]}}],"collection":[{"href":"https:\/\/lahora.mx\/index.php\/wp-json\/wp\/v2\/posts"}],"about":[{"href":"https:\/\/lahora.mx\/index.php\/wp-json\/wp\/v2\/types\/post"}],"author":[{"embeddable":true,"href":"https:\/\/lahora.mx\/index.php\/wp-json\/wp\/v2\/users\/4"}],"replies":[{"embeddable":true,"href":"https:\/\/lahora.mx\/index.php\/wp-json\/wp\/v2\/comments?post=9289"}],"version-history":[{"count":1,"href":"https:\/\/lahora.mx\/index.php\/wp-json\/wp\/v2\/posts\/9289\/revisions"}],"predecessor-version":[{"id":9291,"href":"https:\/\/lahora.mx\/index.php\/wp-json\/wp\/v2\/posts\/9289\/revisions\/9291"}],"wp:featuredmedia":[{"embeddable":true,"href":"https:\/\/lahora.mx\/index.php\/wp-json\/wp\/v2\/media\/9290"}],"wp:attachment":[{"href":"https:\/\/lahora.mx\/index.php\/wp-json\/wp\/v2\/media?parent=9289"}],"wp:term":[{"taxonomy":"category","embeddable":true,"href":"https:\/\/lahora.mx\/index.php\/wp-json\/wp\/v2\/categories?post=9289"},{"taxonomy":"post_tag","embeddable":true,"href":"https:\/\/lahora.mx\/index.php\/wp-json\/wp\/v2\/tags?post=9289"}],"curies":[{"name":"wp","href":"https:\/\/api.w.org\/{rel}","templated":true}]}}