{"id":9283,"date":"2022-07-04T15:41:44","date_gmt":"2022-07-04T15:41:44","guid":{"rendered":"http:\/\/lahora.mx\/?p=9283"},"modified":"2022-07-04T15:41:45","modified_gmt":"2022-07-04T15:41:45","slug":"barbosa-exige-a-mier-aclarar-delitos-antes-de-ir-por-gubernatura","status":"publish","type":"post","link":"https:\/\/lahora.mx\/index.php\/2022\/07\/04\/barbosa-exige-a-mier-aclarar-delitos-antes-de-ir-por-gubernatura\/","title":{"rendered":"Barbosa exige a Mier aclarar delitos antes de ir por gubernatura"},"content":{"rendered":"\n<p>El gobernador Luis Miguel Barbosa Huerta exigi\u00f3 al coordinador de Morena en la C\u00e1mara de Diputados, Ignacio Mier Velazco, que aclare los delitos a los que se le vincula antes de formar un bloque en su contra o buscar la gubernatura de Puebla.<\/p>\n\n\n\n<p>El mandatario minimiz\u00f3 este lunes el \u00abFrente Antibarbosa\u00bb que el diputado federal arm\u00f3 en su contra, en conjunto con la exalcaldesa de Puebla, Claudia Rivera Vivanco, y el dirigente estatal interino de Morena, Arist\u00f3teles Belmont Cortes.<\/p>\n\n\n\n<p>En rueda de prensa advirti\u00f3 al legislador que no puede aspirar al cargo de gobernador si no explica su participaci\u00f3n en el lavado de dinero y operaciones con recursos de procedencia il\u00edcita por los que fue investigado, y que tienen en la c\u00e1rcel a su socio, Arturo Rueda S\u00e1nchez de la Vega, director del diario Cambio.<br>Barbosa Huerta adem\u00e1s denunci\u00f3 que Mier Velazco se ha apoyado en priistas y ex l\u00edderes del PRI en su b\u00fasqueda de la candidatura de Morena, por lo que carece de autoridad para exigir que el gobernador no se involucre en la elecci\u00f3n de la dirigencia morenista, aunque sostuvo que de por s\u00ed no pensaba hacerlo.<\/p>\n","protected":false},"excerpt":{"rendered":"<p>El gobernador Luis Miguel Barbosa Huerta exigi\u00f3 al coordinador de Morena en la C\u00e1mara de Diputados, Ignacio Mier Velazco, que aclare los delitos a los que se le vincula antes de formar un bloque en su contra o buscar la gubernatura de Puebla. El mandatario minimiz\u00f3 este lunes el \u00abFrente Antibarbosa\u00bb que el diputado federal [&hellip;]<\/p>\n","protected":false},"author":4,"featured_media":9284,"comment_status":"open","ping_status":"open","sticky":false,"template":"","format":"standard","meta":{"om_disable_all_campaigns":false,"_monsterinsights_skip_tracking":false,"_monsterinsights_sitenote_active":false,"_monsterinsights_sitenote_note":"","_monsterinsights_sitenote_category":0,"footnotes":""},"categories":[175],"tags":[223],"class_list":["post-9283","post","type-post","status-publish","format-standard","has-post-thumbnail","hentry","category-local","tag-puebla"],"amp_enabled":true,"_links":{"self":[{"href":"https:\/\/lahora.mx\/index.php\/wp-json\/wp\/v2\/posts\/9283","targetHints":{"allow":["GET"]}}],"collection":[{"href":"https:\/\/lahora.mx\/index.php\/wp-json\/wp\/v2\/posts"}],"about":[{"href":"https:\/\/lahora.mx\/index.php\/wp-json\/wp\/v2\/types\/post"}],"author":[{"embeddable":true,"href":"https:\/\/lahora.mx\/index.php\/wp-json\/wp\/v2\/users\/4"}],"replies":[{"embeddable":true,"href":"https:\/\/lahora.mx\/index.php\/wp-json\/wp\/v2\/comments?post=9283"}],"version-history":[{"count":1,"href":"https:\/\/lahora.mx\/index.php\/wp-json\/wp\/v2\/posts\/9283\/revisions"}],"predecessor-version":[{"id":9285,"href":"https:\/\/lahora.mx\/index.php\/wp-json\/wp\/v2\/posts\/9283\/revisions\/9285"}],"wp:featuredmedia":[{"embeddable":true,"href":"https:\/\/lahora.mx\/index.php\/wp-json\/wp\/v2\/media\/9284"}],"wp:attachment":[{"href":"https:\/\/lahora.mx\/index.php\/wp-json\/wp\/v2\/media?parent=9283"}],"wp:term":[{"taxonomy":"category","embeddable":true,"href":"https:\/\/lahora.mx\/index.php\/wp-json\/wp\/v2\/categories?post=9283"},{"taxonomy":"post_tag","embeddable":true,"href":"https:\/\/lahora.mx\/index.php\/wp-json\/wp\/v2\/tags?post=9283"}],"curies":[{"name":"wp","href":"https:\/\/api.w.org\/{rel}","templated":true}]}}