{"id":9280,"date":"2022-07-04T15:31:23","date_gmt":"2022-07-04T15:31:23","guid":{"rendered":"http:\/\/lahora.mx\/?p=9280"},"modified":"2022-07-04T15:31:23","modified_gmt":"2022-07-04T15:31:23","slug":"puebla-capital-tendra-un-verano-de-arte-y-cultura-con-mas-de-160-actividades-gratuitas","status":"publish","type":"post","link":"https:\/\/lahora.mx\/index.php\/2022\/07\/04\/puebla-capital-tendra-un-verano-de-arte-y-cultura-con-mas-de-160-actividades-gratuitas\/","title":{"rendered":"Puebla capital tendr\u00e1 un \u00abVerano de Arte y Cultura\u00bb, con m\u00e1s de 160 actividades gratuitas"},"content":{"rendered":"\n<p>El rumbo de la cultura estar\u00e1 en el Centro Hist\u00f3rico este verano; con 163 actividades de acceso gratuito para todas y todos, Eduardo Rivera P\u00e9rez, Presidente Municipal, invita a vivir este periodo vacacional entre danza, teatro, m\u00fasica, exposiciones, performance y muchas m\u00e1s sorpresas.<\/p>\n\n\n\n<p>La cultura es la verdadera pol\u00edtica para la prevenci\u00f3n de la violencia y de la inseguridad, por ello, durante julio y agosto, el Z\u00f3calo, la Calle 5 de Mayo, el Parque San Luis, el Teatro de la Ciudad y la Galer\u00eda del Palacio Municipal ser\u00e1n escenarios vivos para el desarrollo de m\u00e1s de mil 600 artistas que participan en esta agenda especial, pues lo que se busca &#8211;resalt\u00f3 el alcalde&#8211; es fomentar la convivencia familiar, la cohesi\u00f3n y la paz social.<\/p>\n\n\n\n<p>As\u00ed, a lo largo de 59 d\u00edas habr\u00e1 actividades culturales en el coraz\u00f3n de la ciudad, d\u00f3nde todos los lunes ser\u00e1n de danza, los martes de teatro, los mi\u00e9rcoles de performance y clown, los jueves de mariachi, los viernes de notas poblanas, los s\u00e1bados y domingos de arte, y a partir del 13 de Agosto, las noches ser\u00e1n de musicales.<\/p>\n\n\n\n<p>Esto, con la firme intenci\u00f3n de garantizarle a la sociedad poblana su derecho al acceso a la diversidad cultural, mientras al espacio p\u00fablico se le devuelve una vocaci\u00f3n comunitaria, de apropiaci\u00f3n, desarrollo y disfrute, afirm\u00f3 Fabi\u00e1n Valdivia P\u00e9rez, Director del Instituto Municipal de Arte y Cultura.<\/p>\n\n\n\n<p>Para Ricardo Horacio Grau de la Rosa, Regidor Presidente de la Comisi\u00f3n de Juventud y Deporte, esta programaci\u00f3n cultural ser\u00e1 una oportunidad m\u00e1s para las familias poblanas de vivir el Centro Hist\u00f3rico y conocerlo a trav\u00e9s de la creatividad de su gente, ya que todas las actividades de Verano de Arte y Cultura 2022 pueden ser consultadas en las redes sociales del Ayuntamiento: @HAyuntamientoDePuebla en Facebook y @PueblaAyto en Twitter, as\u00ed como en la p\u00e1gina pueblacapital.gob.mx.<\/p>\n\n\n\n<p>Ya que esta iniciativa tambi\u00e9n busca el impulso del talento local y empoderar a las juventudes, su presentaci\u00f3n cont\u00f3 con el respaldo de bailarines, interpretes, cantantes y actores del Centro de Estudios Superiores Sisti, el Mariachi Alma Ranchera y la compa\u00f1\u00eda Clown con Alan Ochoa. Asimismo, participaron Berenice Vidal Castel\u00e1n, Gerente del Centro Hist\u00f3rico y Patrimonio Cultural; y Alejandro Ca\u00f1edo Priesca, Secretario de Econom\u00eda y Turismo.<\/p>\n","protected":false},"excerpt":{"rendered":"<p>El rumbo de la cultura estar\u00e1 en el Centro Hist\u00f3rico este verano; con 163 actividades de acceso gratuito para todas y todos, Eduardo Rivera P\u00e9rez, Presidente Municipal, invita a vivir este periodo vacacional entre danza, teatro, m\u00fasica, exposiciones, performance y muchas m\u00e1s sorpresas. La cultura es la verdadera pol\u00edtica para la prevenci\u00f3n de la violencia [&hellip;]<\/p>\n","protected":false},"author":4,"featured_media":9281,"comment_status":"open","ping_status":"open","sticky":false,"template":"","format":"standard","meta":{"om_disable_all_campaigns":false,"_monsterinsights_skip_tracking":false,"_monsterinsights_sitenote_active":false,"_monsterinsights_sitenote_note":"","_monsterinsights_sitenote_category":0,"footnotes":""},"categories":[175],"tags":[223],"class_list":["post-9280","post","type-post","status-publish","format-standard","has-post-thumbnail","hentry","category-local","tag-puebla"],"amp_enabled":true,"_links":{"self":[{"href":"https:\/\/lahora.mx\/index.php\/wp-json\/wp\/v2\/posts\/9280","targetHints":{"allow":["GET"]}}],"collection":[{"href":"https:\/\/lahora.mx\/index.php\/wp-json\/wp\/v2\/posts"}],"about":[{"href":"https:\/\/lahora.mx\/index.php\/wp-json\/wp\/v2\/types\/post"}],"author":[{"embeddable":true,"href":"https:\/\/lahora.mx\/index.php\/wp-json\/wp\/v2\/users\/4"}],"replies":[{"embeddable":true,"href":"https:\/\/lahora.mx\/index.php\/wp-json\/wp\/v2\/comments?post=9280"}],"version-history":[{"count":1,"href":"https:\/\/lahora.mx\/index.php\/wp-json\/wp\/v2\/posts\/9280\/revisions"}],"predecessor-version":[{"id":9282,"href":"https:\/\/lahora.mx\/index.php\/wp-json\/wp\/v2\/posts\/9280\/revisions\/9282"}],"wp:featuredmedia":[{"embeddable":true,"href":"https:\/\/lahora.mx\/index.php\/wp-json\/wp\/v2\/media\/9281"}],"wp:attachment":[{"href":"https:\/\/lahora.mx\/index.php\/wp-json\/wp\/v2\/media?parent=9280"}],"wp:term":[{"taxonomy":"category","embeddable":true,"href":"https:\/\/lahora.mx\/index.php\/wp-json\/wp\/v2\/categories?post=9280"},{"taxonomy":"post_tag","embeddable":true,"href":"https:\/\/lahora.mx\/index.php\/wp-json\/wp\/v2\/tags?post=9280"}],"curies":[{"name":"wp","href":"https:\/\/api.w.org\/{rel}","templated":true}]}}