{"id":928,"date":"2021-12-24T16:21:53","date_gmt":"2021-12-24T16:21:53","guid":{"rendered":"http:\/\/lahora.mx\/?p=928"},"modified":"2021-12-27T03:17:42","modified_gmt":"2021-12-27T03:17:42","slug":"asesinan-a-ex-comandante-de-la-gn-en-texmelucan","status":"publish","type":"post","link":"https:\/\/lahora.mx\/index.php\/2021\/12\/24\/asesinan-a-ex-comandante-de-la-gn-en-texmelucan\/","title":{"rendered":"Asesinan a ex comandante de la GN en Texmelucan"},"content":{"rendered":"<p>Raymundo Hern\u00e1ndez Bravo, ex comandante de la Guardia Nacional, fue asesinado este jueves, 23 de diciembre de 2021, en San Mart\u00edn Texmelucan.<br \/>\nLa muerte de Raymundo Hern\u00e1ndez tambi\u00e9n fue confirmada por la Federaci\u00f3n Mexicana de Charrer\u00eda AC, donde participaba como integrante de la Escolta Nacional.<br \/>\nlos reportes indican que el homicidio fue durante un intento de asalto.<\/p>\n","protected":false},"excerpt":{"rendered":"<p>Raymundo Hern\u00e1ndez Bravo, ex comandante de la Guardia Nacional, fue asesinado este jueves, 23 de diciembre de 2021, en San Mart\u00edn Texmelucan. La muerte de Raymundo Hern\u00e1ndez tambi\u00e9n fue confirmada por la Federaci\u00f3n Mexicana de Charrer\u00eda AC, donde participaba como integrante de la Escolta Nacional. los reportes indican que el homicidio fue durante un intento [&hellip;]<\/p>\n","protected":false},"author":4,"featured_media":929,"comment_status":"open","ping_status":"open","sticky":false,"template":"","format":"standard","meta":{"om_disable_all_campaigns":false,"_monsterinsights_skip_tracking":false,"_monsterinsights_sitenote_active":false,"_monsterinsights_sitenote_note":"","_monsterinsights_sitenote_category":0,"footnotes":""},"categories":[176,1],"tags":[],"class_list":["post-928","post","type-post","status-publish","format-standard","has-post-thumbnail","hentry","category-nacional","category-sin-categoria"],"amp_enabled":true,"_links":{"self":[{"href":"https:\/\/lahora.mx\/index.php\/wp-json\/wp\/v2\/posts\/928","targetHints":{"allow":["GET"]}}],"collection":[{"href":"https:\/\/lahora.mx\/index.php\/wp-json\/wp\/v2\/posts"}],"about":[{"href":"https:\/\/lahora.mx\/index.php\/wp-json\/wp\/v2\/types\/post"}],"author":[{"embeddable":true,"href":"https:\/\/lahora.mx\/index.php\/wp-json\/wp\/v2\/users\/4"}],"replies":[{"embeddable":true,"href":"https:\/\/lahora.mx\/index.php\/wp-json\/wp\/v2\/comments?post=928"}],"version-history":[{"count":2,"href":"https:\/\/lahora.mx\/index.php\/wp-json\/wp\/v2\/posts\/928\/revisions"}],"predecessor-version":[{"id":931,"href":"https:\/\/lahora.mx\/index.php\/wp-json\/wp\/v2\/posts\/928\/revisions\/931"}],"wp:featuredmedia":[{"embeddable":true,"href":"https:\/\/lahora.mx\/index.php\/wp-json\/wp\/v2\/media\/929"}],"wp:attachment":[{"href":"https:\/\/lahora.mx\/index.php\/wp-json\/wp\/v2\/media?parent=928"}],"wp:term":[{"taxonomy":"category","embeddable":true,"href":"https:\/\/lahora.mx\/index.php\/wp-json\/wp\/v2\/categories?post=928"},{"taxonomy":"post_tag","embeddable":true,"href":"https:\/\/lahora.mx\/index.php\/wp-json\/wp\/v2\/tags?post=928"}],"curies":[{"name":"wp","href":"https:\/\/api.w.org\/{rel}","templated":true}]}}