{"id":9253,"date":"2022-07-03T19:26:57","date_gmt":"2022-07-03T19:26:57","guid":{"rendered":"http:\/\/lahora.mx\/?p=9253"},"modified":"2022-07-03T19:26:58","modified_gmt":"2022-07-03T19:26:58","slug":"se-lleva-acabo-la-primera-jornada-masiva-de-reforestacion-aire-joveneduardo-rivera","status":"publish","type":"post","link":"https:\/\/lahora.mx\/index.php\/2022\/07\/03\/se-lleva-acabo-la-primera-jornada-masiva-de-reforestacion-aire-joveneduardo-rivera\/","title":{"rendered":"Se lleva acabo la primera jornada masiva de reforestaci\u00f3n \u00abAire Joven\u00bb;Eduardo Rivera"},"content":{"rendered":"\n<p>El presidente municipal de Puebla, Eduardo Rivera P\u00e9rez, llev\u00f3 a cabo la primera jornada masiva de reforestaci\u00f3n del programa \u201cAire Joven\u201d, cuyo objetivo es sembrar y mantener vivos 4 mil \u00e1rboles en 30 puntos de la capital, en una primera etapa.<\/p>\n\n\n\n<p>Desde el camell\u00f3n del Gimnasio Miguel Hidalgo, el alcalde expuso que Puebla tiene 2.8 metros cuadrados de \u00e1reas verdes por habitantes y se requieren pr\u00e1cticamente 9 metros cuadrados, con base en la recomendaci\u00f3n de la Organizaci\u00f3n Mundial de la Salud, por lo que a trav\u00e9s de \u201cAire Joven\u201d se busca combatir el cambio clim\u00e1tico, mejorar la salud humana y recuperar la biodiversidad.<\/p>\n\n\n\n<p>\u201cPensando en nuestros hijos y en los peque\u00f1os, tenemos una deuda en cuanto a \u00e1reas verdes de nuestra ciudad y necesitamos rescatar esas \u00e1reas verdes para que ellos puedan vivir en un mejor futuro, por eso estamos haciendo esa jornada de adopci\u00f3n y reforestaci\u00f3n\u201d, dijo.<br>Plaga mata 14 palmeras de la Avenida Ju\u00e1rez en Puebla<br>Indic\u00f3 que, en esta primera etapa, los \u00e1rboles se est\u00e1n sembrando en las colonias como Bosques de San Sebasti\u00e1n, SNTE, Loma Bella, Central de Abasto, San Felipe Hueyotlipan, Maravillas, Guadalupe Hidalgo, Valle de Santiago.<\/p>\n\n\n\n<p>Se\u00f1al\u00f3 que la finalidad es sembrar 281 mil 620 \u00e1rboles, con una inversi\u00f3n de 12 millones de pesos, durante los pr\u00f3ximos meses de su administraci\u00f3n.<\/p>\n\n\n\n<p>Coment\u00f3 que se plantar\u00e1n encinos, fresnos y truenos, principalmente en los parques de colonias y juntas auxiliares, camellones, espacios residuales, nodos y estacionamientos.<br>Rivera P\u00e9rez explic\u00f3 que con el programa \u201cAire Joven\u201d, las familias, empresas, asociaciones, universidades e iglesias podr\u00e1n adoptar un \u00e1rbol para que lo ayuden a crecer, lo cuiden y sea parte de su vida.<\/p>\n\n\n\n<p>El primer regidor dijo que los que quieran adquirir un \u00e1rbol o llevar el programa a su colonia pueden pedir informes a la Secretar\u00eda de Medio Ambiente o al tel\u00e9fono 22 23 68 91 13, para que soliciten los \u00e1rboles que requieran para que los vayan a sembrar en donde gusten.<\/p>\n\n\n\n<p>\u201cNo hay mejor rumbo para una Puebla capital sin medio ambiente; no hay rumbo para poder rescatar a un pa\u00eds si no logramos reforestar y recuperar nuestros espacios y \u00e1reas de metros cuadrados que necesitamos en Puebla y en nuestro pa\u00eds; sembrar un \u00e1rbol es plantar vida\u201d, subray\u00f3.<\/p>\n","protected":false},"excerpt":{"rendered":"<p>El presidente municipal de Puebla, Eduardo Rivera P\u00e9rez, llev\u00f3 a cabo la primera jornada masiva de reforestaci\u00f3n del programa \u201cAire Joven\u201d, cuyo objetivo es sembrar y mantener vivos 4 mil \u00e1rboles en 30 puntos de la capital, en una primera etapa. Desde el camell\u00f3n del Gimnasio Miguel Hidalgo, el alcalde expuso que Puebla tiene 2.8 [&hellip;]<\/p>\n","protected":false},"author":4,"featured_media":9254,"comment_status":"open","ping_status":"open","sticky":false,"template":"","format":"standard","meta":{"om_disable_all_campaigns":false,"_monsterinsights_skip_tracking":false,"_monsterinsights_sitenote_active":false,"_monsterinsights_sitenote_note":"","_monsterinsights_sitenote_category":0,"footnotes":""},"categories":[175],"tags":[195,223],"class_list":["post-9253","post","type-post","status-publish","format-standard","has-post-thumbnail","hentry","category-local","tag-principal","tag-puebla"],"amp_enabled":true,"_links":{"self":[{"href":"https:\/\/lahora.mx\/index.php\/wp-json\/wp\/v2\/posts\/9253","targetHints":{"allow":["GET"]}}],"collection":[{"href":"https:\/\/lahora.mx\/index.php\/wp-json\/wp\/v2\/posts"}],"about":[{"href":"https:\/\/lahora.mx\/index.php\/wp-json\/wp\/v2\/types\/post"}],"author":[{"embeddable":true,"href":"https:\/\/lahora.mx\/index.php\/wp-json\/wp\/v2\/users\/4"}],"replies":[{"embeddable":true,"href":"https:\/\/lahora.mx\/index.php\/wp-json\/wp\/v2\/comments?post=9253"}],"version-history":[{"count":1,"href":"https:\/\/lahora.mx\/index.php\/wp-json\/wp\/v2\/posts\/9253\/revisions"}],"predecessor-version":[{"id":9255,"href":"https:\/\/lahora.mx\/index.php\/wp-json\/wp\/v2\/posts\/9253\/revisions\/9255"}],"wp:featuredmedia":[{"embeddable":true,"href":"https:\/\/lahora.mx\/index.php\/wp-json\/wp\/v2\/media\/9254"}],"wp:attachment":[{"href":"https:\/\/lahora.mx\/index.php\/wp-json\/wp\/v2\/media?parent=9253"}],"wp:term":[{"taxonomy":"category","embeddable":true,"href":"https:\/\/lahora.mx\/index.php\/wp-json\/wp\/v2\/categories?post=9253"},{"taxonomy":"post_tag","embeddable":true,"href":"https:\/\/lahora.mx\/index.php\/wp-json\/wp\/v2\/tags?post=9253"}],"curies":[{"name":"wp","href":"https:\/\/api.w.org\/{rel}","templated":true}]}}