{"id":92458,"date":"2026-09-06T16:00:08","date_gmt":"2026-09-06T22:00:08","guid":{"rendered":"https:\/\/lahora.mx\/?p=92458"},"modified":"2026-09-06T16:03:04","modified_gmt":"2026-09-06T22:03:04","slug":"alza-al-salario-minimo-beneficio-a-mas-de-8-5-millones-de-trabajadores-en-mexico-durante-2026-stps","status":"publish","type":"post","link":"https:\/\/lahora.mx\/index.php\/2026\/09\/06\/alza-al-salario-minimo-beneficio-a-mas-de-8-5-millones-de-trabajadores-en-mexico-durante-2026-stps\/","title":{"rendered":"Alza al salario m\u00ednimo benefici\u00f3 a m\u00e1s de 8.5 millones de trabajadores en M\u00e9xico durante 2026: STPS"},"content":{"rendered":"\n<p class=\"wp-block-paragraph\">La Secretar\u00eda del Trabajo y Previsi\u00f3n Social (STPS) present\u00f3 un informe oficial donde destaca que la pol\u00edtica de recuperaci\u00f3n salarial implementada durante 2026 ha beneficiado de manera directa a m\u00e1s de 8.5 millones de trabajadoras y trabajadores formales en todo el pa\u00eds. La dependencia se\u00f1al\u00f3 que el incremento acumulado ha permitido fortalecer el poder adquisitivo de las familias mexicanas sin generar presiones inflacionarias.<\/p>\n\n\n\n<p class=\"wp-block-paragraph\">De acuerdo con las cifras presentadas por la STPS, la medida ha tenido un impacto sustancial en la reducci\u00f3n de la brecha salarial de g\u00e9nero y en el mejoramiento de las condiciones de vida de las familias con menores ingresos. El ajuste salarial abarc\u00f3 tanto la Zona Libre de la Frontera Norte como el resto del territorio nacional, consolidando una tendencia de recuperaci\u00f3n hist\u00f3rica del ingreso m\u00ednimo.<\/p>\n\n\n\n<p class=\"wp-block-paragraph\">Representantes de la secretar\u00eda explicaron que la fijaci\u00f3n de la nueva tasa salarial fue resultado del consenso tripartito alcanzado en la Comisi\u00f3n Nacional de los Salarios M\u00ednimos (Conasami), integrando las propuestas del sector obrero, patronal y gubernamental. Este esfuerzo conjunto busca mantener la certidumbre econ\u00f3mica y fomentar la productividad laboral en el mercado formal.<\/p>\n\n\n\n<p class=\"wp-block-paragraph\">Finalmente, las autoridades laborales reiteraron que continuar\u00e1n supervisando a trav\u00e9s de la Inspectoria Federal del Trabajo que los centros de trabajo cumplan de manera oportuna con la aplicaci\u00f3n del salario m\u00ednimo legal. Asimismo, destacaron que el fortalecimiento del mercado interno contin\u00faa siendo una de las prioridades de la pol\u00edtica econ\u00f3mica nacional.<\/p>\n","protected":false},"excerpt":{"rendered":"<p>La Secretar\u00eda del Trabajo y Previsi\u00f3n Social (STPS) present\u00f3 un informe oficial donde destaca que la pol\u00edtica de recuperaci\u00f3n salarial implementada durante 2026 ha beneficiado de manera directa a m\u00e1s de 8.5 millones de trabajadoras y trabajadores formales en todo el pa\u00eds. La dependencia se\u00f1al\u00f3 que el incremento acumulado ha permitido fortalecer el poder adquisitivo [&hellip;]<\/p>\n","protected":false},"author":1,"featured_media":92462,"comment_status":"open","ping_status":"open","sticky":false,"template":"","format":"standard","meta":{"om_disable_all_campaigns":false,"_monsterinsights_skip_tracking":false,"footnotes":""},"categories":[176],"tags":[195],"class_list":["post-92458","post","type-post","status-publish","format-standard","has-post-thumbnail","hentry","category-nacional","tag-principal"],"amp_enabled":true,"_links":{"self":[{"href":"https:\/\/lahora.mx\/index.php\/wp-json\/wp\/v2\/posts\/92458","targetHints":{"allow":["GET"]}}],"collection":[{"href":"https:\/\/lahora.mx\/index.php\/wp-json\/wp\/v2\/posts"}],"about":[{"href":"https:\/\/lahora.mx\/index.php\/wp-json\/wp\/v2\/types\/post"}],"author":[{"embeddable":true,"href":"https:\/\/lahora.mx\/index.php\/wp-json\/wp\/v2\/users\/1"}],"replies":[{"embeddable":true,"href":"https:\/\/lahora.mx\/index.php\/wp-json\/wp\/v2\/comments?post=92458"}],"version-history":[{"count":1,"href":"https:\/\/lahora.mx\/index.php\/wp-json\/wp\/v2\/posts\/92458\/revisions"}],"predecessor-version":[{"id":92460,"href":"https:\/\/lahora.mx\/index.php\/wp-json\/wp\/v2\/posts\/92458\/revisions\/92460"}],"wp:featuredmedia":[{"embeddable":true,"href":"https:\/\/lahora.mx\/index.php\/wp-json\/wp\/v2\/media\/92462"}],"wp:attachment":[{"href":"https:\/\/lahora.mx\/index.php\/wp-json\/wp\/v2\/media?parent=92458"}],"wp:term":[{"taxonomy":"category","embeddable":true,"href":"https:\/\/lahora.mx\/index.php\/wp-json\/wp\/v2\/categories?post=92458"},{"taxonomy":"post_tag","embeddable":true,"href":"https:\/\/lahora.mx\/index.php\/wp-json\/wp\/v2\/tags?post=92458"}],"curies":[{"name":"wp","href":"https:\/\/api.w.org\/{rel}","templated":true}]}}