{"id":92454,"date":"2026-09-06T15:14:18","date_gmt":"2026-09-06T21:14:18","guid":{"rendered":"https:\/\/lahora.mx\/?p=92454"},"modified":"2026-09-06T15:14:20","modified_gmt":"2026-09-06T21:14:20","slug":"gobierno-de-donald-trump-acude-a-la-corte-suprema-de-ee-uu-para-defender-restricciones-al-voto-por-correo","status":"publish","type":"post","link":"https:\/\/lahora.mx\/index.php\/2026\/09\/06\/gobierno-de-donald-trump-acude-a-la-corte-suprema-de-ee-uu-para-defender-restricciones-al-voto-por-correo\/","title":{"rendered":"Gobierno de Donald Trump acude a la Corte Suprema de EE. UU. para defender restricciones al voto por correo"},"content":{"rendered":"\n<p class=\"wp-block-paragraph\">La administraci\u00f3n estadounidense encabezada por Donald Trump interpuso un recurso legal de emergencia ante la Corte Suprema de los Estados Unidos con el objetivo de validar una serie de restricciones al mecanismo de voto por correo en diversos estados del pa\u00eds. La representaci\u00f3n legal del ejecutivo busca revertir fallos de tribunales inferiores que consideraron violatorias dichas limitaciones regulatorias.<\/p>\n\n\n\n<p class=\"wp-block-paragraph\">El equipo jur\u00eddico del mandatario sostiene que la implementaci\u00f3n de reglas m\u00e1s estrictas \u2014como la verificaci\u00f3n obligatoria de firmas, la reducci\u00f3n de plazos de recepci\u00f3n y la limitaci\u00f3n de buzones de recolecci\u00f3n\u2014 es indispensable para garantizar la certeza, transparencia e integridad de los procesos electorales. Aducen que estas medidas previenen irregularidades en la contabilidad de los sufragios.<\/p>\n\n\n\n<p class=\"wp-block-paragraph\">Por su parte, organizaciones defensoras de los derechos civiles y representantes del Partido Dem\u00f3crata argumentan que las restricciones propuestas imponen cargas desproporcionadas a los votantes de bajos ingresos, minor\u00edas y personas con movilidad reducida. Califican el recurso gubernamental como un intento sistem\u00e1tico para desincentivar la participaci\u00f3n ciudadana en las urnas.<\/p>\n\n\n\n<p class=\"wp-block-paragraph\">La Corte Suprema deber\u00e1 analizar los argumentos constitucionales antes de emitir una resoluci\u00f3n que podr\u00eda fijar un precedente decisivo sobre la administraci\u00f3n de las elecciones federales en el pa\u00eds norteamericano. El fallo mantendr\u00e1 en expectativa al sistema pol\u00edtico estadounidense de cara a los pr\u00f3ximos comicios.<\/p>\n","protected":false},"excerpt":{"rendered":"<p>La administraci\u00f3n estadounidense encabezada por Donald Trump interpuso un recurso legal de emergencia ante la Corte Suprema de los Estados Unidos con el objetivo de validar una serie de restricciones al mecanismo de voto por correo en diversos estados del pa\u00eds. La representaci\u00f3n legal del ejecutivo busca revertir fallos de tribunales inferiores que consideraron violatorias [&hellip;]<\/p>\n","protected":false},"author":1,"featured_media":92456,"comment_status":"open","ping_status":"open","sticky":false,"template":"","format":"standard","meta":{"om_disable_all_campaigns":false,"_monsterinsights_skip_tracking":false,"footnotes":""},"categories":[183],"tags":[],"class_list":["post-92454","post","type-post","status-publish","format-standard","has-post-thumbnail","hentry","category-internacional"],"amp_enabled":true,"_links":{"self":[{"href":"https:\/\/lahora.mx\/index.php\/wp-json\/wp\/v2\/posts\/92454","targetHints":{"allow":["GET"]}}],"collection":[{"href":"https:\/\/lahora.mx\/index.php\/wp-json\/wp\/v2\/posts"}],"about":[{"href":"https:\/\/lahora.mx\/index.php\/wp-json\/wp\/v2\/types\/post"}],"author":[{"embeddable":true,"href":"https:\/\/lahora.mx\/index.php\/wp-json\/wp\/v2\/users\/1"}],"replies":[{"embeddable":true,"href":"https:\/\/lahora.mx\/index.php\/wp-json\/wp\/v2\/comments?post=92454"}],"version-history":[{"count":1,"href":"https:\/\/lahora.mx\/index.php\/wp-json\/wp\/v2\/posts\/92454\/revisions"}],"predecessor-version":[{"id":92457,"href":"https:\/\/lahora.mx\/index.php\/wp-json\/wp\/v2\/posts\/92454\/revisions\/92457"}],"wp:featuredmedia":[{"embeddable":true,"href":"https:\/\/lahora.mx\/index.php\/wp-json\/wp\/v2\/media\/92456"}],"wp:attachment":[{"href":"https:\/\/lahora.mx\/index.php\/wp-json\/wp\/v2\/media?parent=92454"}],"wp:term":[{"taxonomy":"category","embeddable":true,"href":"https:\/\/lahora.mx\/index.php\/wp-json\/wp\/v2\/categories?post=92454"},{"taxonomy":"post_tag","embeddable":true,"href":"https:\/\/lahora.mx\/index.php\/wp-json\/wp\/v2\/tags?post=92454"}],"curies":[{"name":"wp","href":"https:\/\/api.w.org\/{rel}","templated":true}]}}