{"id":92447,"date":"2026-09-06T15:12:36","date_gmt":"2026-09-06T21:12:36","guid":{"rendered":"https:\/\/lahora.mx\/?p=92447"},"modified":"2026-09-06T15:12:37","modified_gmt":"2026-09-06T21:12:37","slug":"el-papa-leon-xiv-hace-un-llamado-global-a-detener-la-violencia-en-ucrania-y-dar-paso-a-la-diplomacia","status":"publish","type":"post","link":"https:\/\/lahora.mx\/index.php\/2026\/09\/06\/el-papa-leon-xiv-hace-un-llamado-global-a-detener-la-violencia-en-ucrania-y-dar-paso-a-la-diplomacia\/","title":{"rendered":"El Papa Le\u00f3n XIV hace un llamado global a detener la violencia en Ucrania y dar paso a la diplomacia"},"content":{"rendered":"\n<p class=\"wp-block-paragraph\">Durante sus recientes intervenciones p\u00fablicas desde el Vaticano, el Papa Le\u00f3n XIV hizo un vehemente llamado a los l\u00edderes de las naciones involucradas en el conflicto armado en Ucrania para que cesen de inmediato las hostilidades militares y se privilegien las v\u00edas diplom\u00e1ticas. El pont\u00edfice expres\u00f3 su profunda preocupaci\u00f3n por la devastaci\u00f3n humanitaria y la p\u00e9rdida de vidas inocentes provocadas por el prolongado enfrentamiento.<\/p>\n\n\n\n<p class=\"wp-block-paragraph\">El l\u00edder de la Iglesia Cat\u00f3lica subray\u00f3 que la violencia y el uso de las armas jam\u00e1s representar\u00e1n una soluci\u00f3n duradera a las diferencias entre los pueblos, advirtiendo sobre el riesgo constante de una escalada militar de alcance internacional. En su mensaje, inst\u00f3 a la comunidad internacional a redoblar los esfuerzos de mediaci\u00f3n para construir corredores de di\u00e1logo sincero y respetuoso.<\/p>\n\n\n\n<p class=\"wp-block-paragraph\">El Santo Padre dirigi\u00f3 palabras de consuelo y cercan\u00eda hacia las familias de las v\u00edctimas, los refugiados y los millones de civiles desplazados que contin\u00faan sufriendo los embates de la guerra en Europa del Este. Asimismo, solicit\u00f3 a las organizaciones internacionales no escatimar recursos en la entrega de ayuda humanitaria urgente para las zonas m\u00e1s golpeadas por los combates.<\/p>\n\n\n\n<p class=\"wp-block-paragraph\">La exhortaci\u00f3n del Papa se suma a los m\u00faltiples esfuerzos diplom\u00e1ticos que buscan restablecer la paz y la estabilidad en la regi\u00f3n geopol\u00edtica. La Santa Sede reiter\u00f3 su disposici\u00f3n de servir como puente institucional de neutralidad para facilitar cualquier acercamiento formal entre las partes en conflicto.<\/p>\n","protected":false},"excerpt":{"rendered":"<p>Durante sus recientes intervenciones p\u00fablicas desde el Vaticano, el Papa Le\u00f3n XIV hizo un vehemente llamado a los l\u00edderes de las naciones involucradas en el conflicto armado en Ucrania para que cesen de inmediato las hostilidades militares y se privilegien las v\u00edas diplom\u00e1ticas. El pont\u00edfice expres\u00f3 su profunda preocupaci\u00f3n por la devastaci\u00f3n humanitaria y la [&hellip;]<\/p>\n","protected":false},"author":1,"featured_media":92452,"comment_status":"open","ping_status":"open","sticky":false,"template":"","format":"standard","meta":{"om_disable_all_campaigns":false,"_monsterinsights_skip_tracking":false,"footnotes":""},"categories":[183],"tags":[223],"class_list":["post-92447","post","type-post","status-publish","format-standard","has-post-thumbnail","hentry","category-internacional","tag-puebla"],"amp_enabled":true,"_links":{"self":[{"href":"https:\/\/lahora.mx\/index.php\/wp-json\/wp\/v2\/posts\/92447","targetHints":{"allow":["GET"]}}],"collection":[{"href":"https:\/\/lahora.mx\/index.php\/wp-json\/wp\/v2\/posts"}],"about":[{"href":"https:\/\/lahora.mx\/index.php\/wp-json\/wp\/v2\/types\/post"}],"author":[{"embeddable":true,"href":"https:\/\/lahora.mx\/index.php\/wp-json\/wp\/v2\/users\/1"}],"replies":[{"embeddable":true,"href":"https:\/\/lahora.mx\/index.php\/wp-json\/wp\/v2\/comments?post=92447"}],"version-history":[{"count":1,"href":"https:\/\/lahora.mx\/index.php\/wp-json\/wp\/v2\/posts\/92447\/revisions"}],"predecessor-version":[{"id":92453,"href":"https:\/\/lahora.mx\/index.php\/wp-json\/wp\/v2\/posts\/92447\/revisions\/92453"}],"wp:featuredmedia":[{"embeddable":true,"href":"https:\/\/lahora.mx\/index.php\/wp-json\/wp\/v2\/media\/92452"}],"wp:attachment":[{"href":"https:\/\/lahora.mx\/index.php\/wp-json\/wp\/v2\/media?parent=92447"}],"wp:term":[{"taxonomy":"category","embeddable":true,"href":"https:\/\/lahora.mx\/index.php\/wp-json\/wp\/v2\/categories?post=92447"},{"taxonomy":"post_tag","embeddable":true,"href":"https:\/\/lahora.mx\/index.php\/wp-json\/wp\/v2\/tags?post=92447"}],"curies":[{"name":"wp","href":"https:\/\/api.w.org\/{rel}","templated":true}]}}