{"id":92444,"date":"2026-09-06T15:10:11","date_gmt":"2026-09-06T21:10:11","guid":{"rendered":"https:\/\/lahora.mx\/?p=92444"},"modified":"2026-09-06T15:10:12","modified_gmt":"2026-09-06T21:10:12","slug":"lluvias-e-inestabilidad-del-clima-obligan-a-suspender-la-novena-fecha-de-nascar-mexico-series-en-monterrey","status":"publish","type":"post","link":"https:\/\/lahora.mx\/index.php\/2026\/09\/06\/lluvias-e-inestabilidad-del-clima-obligan-a-suspender-la-novena-fecha-de-nascar-mexico-series-en-monterrey\/","title":{"rendered":"Lluvias e inestabilidad del clima obligan a suspender la novena fecha de NASCAR M\u00e9xico Series en Monterrey"},"content":{"rendered":"\n<p class=\"wp-block-paragraph\">Las severas e incesantes precipitaciones registradas en el estado de Nuevo Le\u00f3n forzaron a las autoridades deportivas a suspender el desarrollo de la novena fecha del campeonato de NASCAR M\u00e9xico Series, cuya sede estaba programada en el aut\u00f3dromo de Monterrey. La acumulaci\u00f3n de agua sobre la pista de carreras imposibilit\u00f3 garantizar el agarre de los neum\u00e1ticos y la visibilidad de los pilotos.<\/p>\n\n\n\n<p class=\"wp-block-paragraph\">La decisi\u00f3n fue tomada de manera conjunta entre el comit\u00e9 organizador del serial, los comisarios de la competencia y los equipos participantes tras realizar m\u00faltiples inspecciones al asfalto. Las comisiones de seguridad determinaron que llevar a cabo las pr\u00e1cticas y la prueba oficial representaba un riesgo inaceptable para la integridad f\u00edsica de los competidores y el personal en pits.<\/p>\n\n\n\n<p class=\"wp-block-paragraph\">El evento automovil\u00edstico, que atrae a miles de aficionados al deporte motor en el norte del pa\u00eds, tuvo que detener sus actividades programadas desde las sesiones de clasificaci\u00f3n. Ante la imposibilidad de reprogramar las carreras dentro del mismo fin de semana debido a los pron\u00f3sticos meteorol\u00f3gicos adversos, las autoridades del serial analizan los ajustes necesarios en el calendario oficial.<\/p>\n\n\n\n<p class=\"wp-block-paragraph\">Los directivos de NASCAR M\u00e9xico informaron que en los pr\u00f3ximos d\u00edas se dar\u00e1 a conocer la postura oficial sobre la validez de los puntos de la fecha o la fecha de reprogramaci\u00f3n del evento. Asimismo, se establecieron los mecanismos correspondientes para orientar al p\u00fablico asistente respecto a los boletos adquiridos para las jornadas canceladas.<\/p>\n","protected":false},"excerpt":{"rendered":"<p>Las severas e incesantes precipitaciones registradas en el estado de Nuevo Le\u00f3n forzaron a las autoridades deportivas a suspender el desarrollo de la novena fecha del campeonato de NASCAR M\u00e9xico Series, cuya sede estaba programada en el aut\u00f3dromo de Monterrey. La acumulaci\u00f3n de agua sobre la pista de carreras imposibilit\u00f3 garantizar el agarre de los [&hellip;]<\/p>\n","protected":false},"author":1,"featured_media":92445,"comment_status":"open","ping_status":"open","sticky":false,"template":"","format":"standard","meta":{"om_disable_all_campaigns":false,"_monsterinsights_skip_tracking":false,"footnotes":""},"categories":[6],"tags":[223],"class_list":["post-92444","post","type-post","status-publish","format-standard","has-post-thumbnail","hentry","category-sports","tag-puebla"],"amp_enabled":true,"_links":{"self":[{"href":"https:\/\/lahora.mx\/index.php\/wp-json\/wp\/v2\/posts\/92444","targetHints":{"allow":["GET"]}}],"collection":[{"href":"https:\/\/lahora.mx\/index.php\/wp-json\/wp\/v2\/posts"}],"about":[{"href":"https:\/\/lahora.mx\/index.php\/wp-json\/wp\/v2\/types\/post"}],"author":[{"embeddable":true,"href":"https:\/\/lahora.mx\/index.php\/wp-json\/wp\/v2\/users\/1"}],"replies":[{"embeddable":true,"href":"https:\/\/lahora.mx\/index.php\/wp-json\/wp\/v2\/comments?post=92444"}],"version-history":[{"count":1,"href":"https:\/\/lahora.mx\/index.php\/wp-json\/wp\/v2\/posts\/92444\/revisions"}],"predecessor-version":[{"id":92446,"href":"https:\/\/lahora.mx\/index.php\/wp-json\/wp\/v2\/posts\/92444\/revisions\/92446"}],"wp:featuredmedia":[{"embeddable":true,"href":"https:\/\/lahora.mx\/index.php\/wp-json\/wp\/v2\/media\/92445"}],"wp:attachment":[{"href":"https:\/\/lahora.mx\/index.php\/wp-json\/wp\/v2\/media?parent=92444"}],"wp:term":[{"taxonomy":"category","embeddable":true,"href":"https:\/\/lahora.mx\/index.php\/wp-json\/wp\/v2\/categories?post=92444"},{"taxonomy":"post_tag","embeddable":true,"href":"https:\/\/lahora.mx\/index.php\/wp-json\/wp\/v2\/tags?post=92444"}],"curies":[{"name":"wp","href":"https:\/\/api.w.org\/{rel}","templated":true}]}}