{"id":92441,"date":"2026-09-06T15:09:03","date_gmt":"2026-09-06T21:09:03","guid":{"rendered":"https:\/\/lahora.mx\/?p=92441"},"modified":"2026-09-06T15:09:04","modified_gmt":"2026-09-06T21:09:04","slug":"gobierno-de-pepe-chedraui-fortalece-el-reconocimiento-y-la-participacion-de-las-mujeres-indigenas-en-puebla","status":"publish","type":"post","link":"https:\/\/lahora.mx\/index.php\/2026\/09\/06\/gobierno-de-pepe-chedraui-fortalece-el-reconocimiento-y-la-participacion-de-las-mujeres-indigenas-en-puebla\/","title":{"rendered":"Gobierno de Pepe Chedraui fortalece el reconocimiento y la participaci\u00f3n de las mujeres ind\u00edgenas en Puebla"},"content":{"rendered":"\n<p class=\"wp-block-paragraph\">En el marco de las acciones para garantizar la inclusi\u00f3n social, el gobierno municipal encabezado por Pepe Chedraui reafirm\u00f3 su compromiso de promover la participaci\u00f3n activa, la autonom\u00eda y el respeto pleno a las mujeres ind\u00edgenas en la capital poblana. La administraci\u00f3n municipal destac\u00f3 que se implementan programas enfocados en erradicar la discriminaci\u00f3n estructural y brindar herramientas de desarrollo econ\u00f3mico a este sector de la poblaci\u00f3n.<\/p>\n\n\n\n<p class=\"wp-block-paragraph\">A trav\u00e9s de distintas dependencias locales, se han puesto en marcha talleres de capacitaci\u00f3n, asesor\u00edas jur\u00eddicas e iniciativas de financiamiento para apoyar proyectos productivos impulsados por emprendedoras de las juntas auxiliares. Estas medidas buscan revalorar la herencia cultural, las lenguas originarias y los saberes tradicionales que las mujeres ind\u00edgenas aportan cotidianamente al tejido social del municipio.<\/p>\n\n\n\n<p class=\"wp-block-paragraph\">El edil capitalino se\u00f1al\u00f3 que la pol\u00edtica social de su gesti\u00f3n sit\u00faa a los grupos hist\u00f3ricamente vulnerados en el centro de las decisiones p\u00fablicas, garantizando que tengan acceso efectivo a la oferta de servicios, salud y educaci\u00f3n. Asimismo, se busca fomentar espacios de di\u00e1logo directo con liderazgos comunitarios para construir pol\u00edticas p\u00fablicas con perspectiva intercultural.<\/p>\n\n\n\n<p class=\"wp-block-paragraph\">Con estas estrategias, el Ayuntamiento de Puebla busca consolidar una ciudad m\u00e1s equitativa e incluyente, donde se protejan los derechos humanos fundamentales de las comunidades originarias. Las autoridades locales informaron que mantendr\u00e1n las mesas de trabajo en las demarcaciones periurbanas para dar seguimiento a los compromisos asumidos con las mujeres ind\u00edgenas.<\/p>\n","protected":false},"excerpt":{"rendered":"<p>En el marco de las acciones para garantizar la inclusi\u00f3n social, el gobierno municipal encabezado por Pepe Chedraui reafirm\u00f3 su compromiso de promover la participaci\u00f3n activa, la autonom\u00eda y el respeto pleno a las mujeres ind\u00edgenas en la capital poblana. La administraci\u00f3n municipal destac\u00f3 que se implementan programas enfocados en erradicar la discriminaci\u00f3n estructural y [&hellip;]<\/p>\n","protected":false},"author":1,"featured_media":92442,"comment_status":"open","ping_status":"open","sticky":false,"template":"","format":"standard","meta":{"om_disable_all_campaigns":false,"_monsterinsights_skip_tracking":false,"footnotes":""},"categories":[175],"tags":[320,223],"class_list":["post-92441","post","type-post","status-publish","format-standard","has-post-thumbnail","hentry","category-local","tag-chedraui","tag-puebla"],"amp_enabled":true,"_links":{"self":[{"href":"https:\/\/lahora.mx\/index.php\/wp-json\/wp\/v2\/posts\/92441","targetHints":{"allow":["GET"]}}],"collection":[{"href":"https:\/\/lahora.mx\/index.php\/wp-json\/wp\/v2\/posts"}],"about":[{"href":"https:\/\/lahora.mx\/index.php\/wp-json\/wp\/v2\/types\/post"}],"author":[{"embeddable":true,"href":"https:\/\/lahora.mx\/index.php\/wp-json\/wp\/v2\/users\/1"}],"replies":[{"embeddable":true,"href":"https:\/\/lahora.mx\/index.php\/wp-json\/wp\/v2\/comments?post=92441"}],"version-history":[{"count":1,"href":"https:\/\/lahora.mx\/index.php\/wp-json\/wp\/v2\/posts\/92441\/revisions"}],"predecessor-version":[{"id":92443,"href":"https:\/\/lahora.mx\/index.php\/wp-json\/wp\/v2\/posts\/92441\/revisions\/92443"}],"wp:featuredmedia":[{"embeddable":true,"href":"https:\/\/lahora.mx\/index.php\/wp-json\/wp\/v2\/media\/92442"}],"wp:attachment":[{"href":"https:\/\/lahora.mx\/index.php\/wp-json\/wp\/v2\/media?parent=92441"}],"wp:term":[{"taxonomy":"category","embeddable":true,"href":"https:\/\/lahora.mx\/index.php\/wp-json\/wp\/v2\/categories?post=92441"},{"taxonomy":"post_tag","embeddable":true,"href":"https:\/\/lahora.mx\/index.php\/wp-json\/wp\/v2\/tags?post=92441"}],"curies":[{"name":"wp","href":"https:\/\/api.w.org\/{rel}","templated":true}]}}