{"id":92438,"date":"2026-09-06T15:07:56","date_gmt":"2026-09-06T21:07:56","guid":{"rendered":"https:\/\/lahora.mx\/?p=92438"},"modified":"2026-09-06T15:07:57","modified_gmt":"2026-09-06T21:07:57","slug":"gran-respuesta-ciudadana-marca-la-edicion-de-la-carrera-todo-mexico-salvando-vidas-en-puebla","status":"publish","type":"post","link":"https:\/\/lahora.mx\/index.php\/2026\/09\/06\/gran-respuesta-ciudadana-marca-la-edicion-de-la-carrera-todo-mexico-salvando-vidas-en-puebla\/","title":{"rendered":"Gran respuesta ciudadana marca la edici\u00f3n de la carrera \u00abTodo M\u00e9xico Salvando Vidas\u00bb en Puebla"},"content":{"rendered":"\n<p class=\"wp-block-paragraph\">La Cruz Roja Mexicana delegaci\u00f3n Puebla celebr\u00f3 con \u00e9xito la edici\u00f3n local de la carrera atl\u00e9tica \u00abTodo M\u00e9xico Salvando Vidas\u00bb, evento deportivo que logr\u00f3 reunir a cientos de corredores, familias y deportistas en las calles de la capital poblana. La convocatoria tuvo como prop\u00f3sito central promover la actividad f\u00edsica, la convivencia social y la prevenci\u00f3n de enfermedades en un ambiente sano e incluyente.<\/p>\n\n\n\n<p class=\"wp-block-paragraph\">Los participantes recorrieron distancias proyectadas para distintos niveles de acondicionamiento, abarcando trayectos de caminata recreativa as\u00ed como circuitos competitivos de 5 y 10 kil\u00f3metros. A lo largo del recorrido, los asistentes contaron con asistencia m\u00e9dica preventiva, puntos de hidrataci\u00f3n y el resguardo de cuerpos de seguridad vial para garantizar el desarrollo \u00e1gil de la justa deportiva.<\/p>\n\n\n\n<p class=\"wp-block-paragraph\">Los recursos recaudados mediante las inscripciones de las y los competidores ser\u00e1n destinados de manera \u00edntegra al equipamiento de ambulancias, adquisici\u00f3n de insumos m\u00e9dicos y fortalecimiento de las operaciones de rescate que brinda la instituci\u00f3n en la entidad. Directivos de la delegaci\u00f3n agradecieron el respaldo de la ciudadan\u00eda y resaltaron la importancia del altruismo para mantener la gratuidad y oportunidad en los servicios de emergencia.<\/p>\n\n\n\n<p class=\"wp-block-paragraph\">El evento concluy\u00f3 con la entrega de medallas conmemorativas y reconocimientos a los primeros lugares de cada categor\u00eda. Las autoridades organizadoras reiteraron su compromiso de seguir impulsando espacios que vinculen el deporte con causas sociales con el fin de consolidar una cultura de solidaridad y autocuidado en la sociedad poblana.<\/p>\n","protected":false},"excerpt":{"rendered":"<p>La Cruz Roja Mexicana delegaci\u00f3n Puebla celebr\u00f3 con \u00e9xito la edici\u00f3n local de la carrera atl\u00e9tica \u00abTodo M\u00e9xico Salvando Vidas\u00bb, evento deportivo que logr\u00f3 reunir a cientos de corredores, familias y deportistas en las calles de la capital poblana. La convocatoria tuvo como prop\u00f3sito central promover la actividad f\u00edsica, la convivencia social y la prevenci\u00f3n [&hellip;]<\/p>\n","protected":false},"author":1,"featured_media":92439,"comment_status":"open","ping_status":"open","sticky":false,"template":"","format":"standard","meta":{"om_disable_all_campaigns":false,"_monsterinsights_skip_tracking":false,"footnotes":""},"categories":[175],"tags":[223],"class_list":["post-92438","post","type-post","status-publish","format-standard","has-post-thumbnail","hentry","category-local","tag-puebla"],"amp_enabled":true,"_links":{"self":[{"href":"https:\/\/lahora.mx\/index.php\/wp-json\/wp\/v2\/posts\/92438","targetHints":{"allow":["GET"]}}],"collection":[{"href":"https:\/\/lahora.mx\/index.php\/wp-json\/wp\/v2\/posts"}],"about":[{"href":"https:\/\/lahora.mx\/index.php\/wp-json\/wp\/v2\/types\/post"}],"author":[{"embeddable":true,"href":"https:\/\/lahora.mx\/index.php\/wp-json\/wp\/v2\/users\/1"}],"replies":[{"embeddable":true,"href":"https:\/\/lahora.mx\/index.php\/wp-json\/wp\/v2\/comments?post=92438"}],"version-history":[{"count":1,"href":"https:\/\/lahora.mx\/index.php\/wp-json\/wp\/v2\/posts\/92438\/revisions"}],"predecessor-version":[{"id":92440,"href":"https:\/\/lahora.mx\/index.php\/wp-json\/wp\/v2\/posts\/92438\/revisions\/92440"}],"wp:featuredmedia":[{"embeddable":true,"href":"https:\/\/lahora.mx\/index.php\/wp-json\/wp\/v2\/media\/92439"}],"wp:attachment":[{"href":"https:\/\/lahora.mx\/index.php\/wp-json\/wp\/v2\/media?parent=92438"}],"wp:term":[{"taxonomy":"category","embeddable":true,"href":"https:\/\/lahora.mx\/index.php\/wp-json\/wp\/v2\/categories?post=92438"},{"taxonomy":"post_tag","embeddable":true,"href":"https:\/\/lahora.mx\/index.php\/wp-json\/wp\/v2\/tags?post=92438"}],"curies":[{"name":"wp","href":"https:\/\/api.w.org\/{rel}","templated":true}]}}