{"id":92435,"date":"2026-09-06T14:20:34","date_gmt":"2026-09-06T20:20:34","guid":{"rendered":"https:\/\/lahora.mx\/?p=92435"},"modified":"2026-09-06T14:20:35","modified_gmt":"2026-09-06T20:20:35","slug":"suman-alcaldes-detenidos-y-profugos-por-diversos-delitos-en-la-entidad","status":"publish","type":"post","link":"https:\/\/lahora.mx\/index.php\/2026\/09\/06\/suman-alcaldes-detenidos-y-profugos-por-diversos-delitos-en-la-entidad\/","title":{"rendered":"Suman alcaldes detenidos y pr\u00f3fugos por diversos delitos en la entidad"},"content":{"rendered":"\n<p class=\"wp-block-paragraph\">En un hecho sin precedentes para la vida pol\u00edtica del estado de Puebla, las autoridades de procuraci\u00f3n de justicia han aprehendido a diversos ediles en funciones y exalcaldes acusados de cometer delitos graves. La acumulaci\u00f3n de expedientes penales y las acciones operativas ejecutadas por la Fiscal\u00eda General del Estado (FGE) han provocado una profunda inestabilidad administrativa en varias demarcaciones, obligando al Congreso local a intervenir para nombrar concejos municipales provisionales.<\/p>\n\n\n\n<p class=\"wp-block-paragraph\">Entre los arrestos m\u00e1s recientes destaca la detenci\u00f3n del presidente municipal de Tepeyahualco, Said de Jes\u00fas \u00abN\u00bb, quien fue capturado por agentes ministeriales tras ser se\u00f1alado por presunto abuso de autoridad, incumplimiento de un deber legal y cohecho. A este caso se suma el de Juan \u00abN\u00bb, alcalde de San Juan Tianguismanalco, aprehendido y vinculado a proceso con prisi\u00f3n preventiva oficiosa tras enfrentar acusaciones de car\u00e1cter penal por delitos sexuales cometidos en agravio de una excolaboradora del propio ayuntamiento.<\/p>\n\n\n\n<p class=\"wp-block-paragraph\">La problem\u00e1tica legal tambi\u00e9n alcanz\u00f3 con fuerza a la regi\u00f3n del Valle de Serd\u00e1n, donde los hermanos Gonz\u00e1lez Vieyra, quienes ejercieron el poder pol\u00edtico encabezando los ayuntamientos colindantes de Chalchicomula de Sesma, Tlachichuca y San Nicol\u00e1s Buenos Aires, terminaron tras las rejas. Los exediles enfrentan investigaciones por posesi\u00f3n de armas de fuego de uso exclusivo del Ej\u00e9rcito, presuntos delitos contra la salud e inconsistencias financieras graves detectadas durante sus respectivas administraciones.<\/p>\n\n\n\n<p class=\"wp-block-paragraph\">A la lista de ediles tras las rejas se suman casos en otras regiones, como la Sierra Norte y la Mixteca, adem\u00e1s del pr\u00f3fugo Alfredo \u00abN\u00bb, alcalde de Ahuazotepec, quien evade a la justicia tras ser investigado por delitos como extorsi\u00f3n y robo de carga. En tanto, en municipios como Acatl\u00e1n de Osorio, las autoridades legislativas analizan procesos de revocaci\u00f3n de mandato para resolver la ingobernabilidad, mientras la fiscal\u00eda mantiene abiertas las investigaciones contra exservidores p\u00fablicos para deslindar responsabilidades penales.<\/p>\n","protected":false},"excerpt":{"rendered":"<p>En un hecho sin precedentes para la vida pol\u00edtica del estado de Puebla, las autoridades de procuraci\u00f3n de justicia han aprehendido a diversos ediles en funciones y exalcaldes acusados de cometer delitos graves. La acumulaci\u00f3n de expedientes penales y las acciones operativas ejecutadas por la Fiscal\u00eda General del Estado (FGE) han provocado una profunda inestabilidad [&hellip;]<\/p>\n","protected":false},"author":1,"featured_media":92436,"comment_status":"open","ping_status":"open","sticky":false,"template":"","format":"standard","meta":{"om_disable_all_campaigns":false,"_monsterinsights_skip_tracking":false,"footnotes":""},"categories":[175],"tags":[223],"class_list":["post-92435","post","type-post","status-publish","format-standard","has-post-thumbnail","hentry","category-local","tag-puebla"],"amp_enabled":true,"_links":{"self":[{"href":"https:\/\/lahora.mx\/index.php\/wp-json\/wp\/v2\/posts\/92435","targetHints":{"allow":["GET"]}}],"collection":[{"href":"https:\/\/lahora.mx\/index.php\/wp-json\/wp\/v2\/posts"}],"about":[{"href":"https:\/\/lahora.mx\/index.php\/wp-json\/wp\/v2\/types\/post"}],"author":[{"embeddable":true,"href":"https:\/\/lahora.mx\/index.php\/wp-json\/wp\/v2\/users\/1"}],"replies":[{"embeddable":true,"href":"https:\/\/lahora.mx\/index.php\/wp-json\/wp\/v2\/comments?post=92435"}],"version-history":[{"count":1,"href":"https:\/\/lahora.mx\/index.php\/wp-json\/wp\/v2\/posts\/92435\/revisions"}],"predecessor-version":[{"id":92437,"href":"https:\/\/lahora.mx\/index.php\/wp-json\/wp\/v2\/posts\/92435\/revisions\/92437"}],"wp:featuredmedia":[{"embeddable":true,"href":"https:\/\/lahora.mx\/index.php\/wp-json\/wp\/v2\/media\/92436"}],"wp:attachment":[{"href":"https:\/\/lahora.mx\/index.php\/wp-json\/wp\/v2\/media?parent=92435"}],"wp:term":[{"taxonomy":"category","embeddable":true,"href":"https:\/\/lahora.mx\/index.php\/wp-json\/wp\/v2\/categories?post=92435"},{"taxonomy":"post_tag","embeddable":true,"href":"https:\/\/lahora.mx\/index.php\/wp-json\/wp\/v2\/tags?post=92435"}],"curies":[{"name":"wp","href":"https:\/\/api.w.org\/{rel}","templated":true}]}}