{"id":92432,"date":"2026-09-06T12:56:31","date_gmt":"2026-09-06T18:56:31","guid":{"rendered":"https:\/\/lahora.mx\/?p=92432"},"modified":"2026-09-06T12:56:32","modified_gmt":"2026-09-06T18:56:32","slug":"puebla-preve-clima-variable-con-intenso-calor-precipitaciones-y-tormentas-electricas-durante-el-domingo","status":"publish","type":"post","link":"https:\/\/lahora.mx\/index.php\/2026\/09\/06\/puebla-preve-clima-variable-con-intenso-calor-precipitaciones-y-tormentas-electricas-durante-el-domingo\/","title":{"rendered":"Puebla prev\u00e9 clima variable con intenso calor, precipitaciones y tormentas el\u00e9ctricas durante el domingo"},"content":{"rendered":"\n<p class=\"wp-block-paragraph\">El estado de Puebla experimentar\u00e1 una jornada con condiciones meteorol\u00f3gicas notablemente variables debido a la interacci\u00f3n de diversos canales de baja presi\u00f3n sobre el centro del pa\u00eds. De acuerdo con el pron\u00f3stico del tiempo, se espera que las primeras horas del domingo registren temperaturas elevadas y una fuerte radiaci\u00f3n solar en gran parte de la entidad.<\/p>\n\n\n\n<p class=\"wp-block-paragraph\">Sin embargo, hacia la tarde y noche se prev\u00e9 un cambio dr\u00e1stico en las condiciones atmosf\u00e9ricas, impulsado por el ingreso de humedad que favorecer\u00e1 el desarrollo de nubosidad densa. Este fen\u00f3meno provocar\u00e1 la presencia de lluvias puntuales fuertes, acompa\u00f1adas de actividad el\u00e9ctrica constante y r\u00e1fagas de viento en diversas regiones.<\/p>\n\n\n\n<p class=\"wp-block-paragraph\">La zona metropolitana de Puebla y los valles centrales presentan probabilidades de ca\u00edda de granizo en sectores aislados, lo que podr\u00eda generar encharcamientos r\u00e1pidos en avenidas principales y afectaciones menores en la infraestructura urbana. Los servicios meteorol\u00f3gicos recomiendan a la ciudadan\u00eda mantenerse informada sobre la evoluci\u00f3n de las celdas de tormenta.<\/p>\n\n\n\n<p class=\"wp-block-paragraph\">Por su parte, las autoridades de Protecci\u00f3n Civil hicieron un llamado preventivo a la poblaci\u00f3n para evitar resguardarse bajo \u00e1rboles o estructuras met\u00e1licas durante la tormenta y no intentar cruzar vialidades o arroyos con corriente de agua. Los cuerpos de emergencia mantendr\u00e1n guardia permanente para atender eventuales contingencias derivados de las lluvias.<\/p>\n","protected":false},"excerpt":{"rendered":"<p>El estado de Puebla experimentar\u00e1 una jornada con condiciones meteorol\u00f3gicas notablemente variables debido a la interacci\u00f3n de diversos canales de baja presi\u00f3n sobre el centro del pa\u00eds. De acuerdo con el pron\u00f3stico del tiempo, se espera que las primeras horas del domingo registren temperaturas elevadas y una fuerte radiaci\u00f3n solar en gran parte de la [&hellip;]<\/p>\n","protected":false},"author":1,"featured_media":92433,"comment_status":"open","ping_status":"open","sticky":false,"template":"","format":"standard","meta":{"om_disable_all_campaigns":false,"_monsterinsights_skip_tracking":false,"footnotes":""},"categories":[175],"tags":[223],"class_list":["post-92432","post","type-post","status-publish","format-standard","has-post-thumbnail","hentry","category-local","tag-puebla"],"amp_enabled":true,"_links":{"self":[{"href":"https:\/\/lahora.mx\/index.php\/wp-json\/wp\/v2\/posts\/92432","targetHints":{"allow":["GET"]}}],"collection":[{"href":"https:\/\/lahora.mx\/index.php\/wp-json\/wp\/v2\/posts"}],"about":[{"href":"https:\/\/lahora.mx\/index.php\/wp-json\/wp\/v2\/types\/post"}],"author":[{"embeddable":true,"href":"https:\/\/lahora.mx\/index.php\/wp-json\/wp\/v2\/users\/1"}],"replies":[{"embeddable":true,"href":"https:\/\/lahora.mx\/index.php\/wp-json\/wp\/v2\/comments?post=92432"}],"version-history":[{"count":1,"href":"https:\/\/lahora.mx\/index.php\/wp-json\/wp\/v2\/posts\/92432\/revisions"}],"predecessor-version":[{"id":92434,"href":"https:\/\/lahora.mx\/index.php\/wp-json\/wp\/v2\/posts\/92432\/revisions\/92434"}],"wp:featuredmedia":[{"embeddable":true,"href":"https:\/\/lahora.mx\/index.php\/wp-json\/wp\/v2\/media\/92433"}],"wp:attachment":[{"href":"https:\/\/lahora.mx\/index.php\/wp-json\/wp\/v2\/media?parent=92432"}],"wp:term":[{"taxonomy":"category","embeddable":true,"href":"https:\/\/lahora.mx\/index.php\/wp-json\/wp\/v2\/categories?post=92432"},{"taxonomy":"post_tag","embeddable":true,"href":"https:\/\/lahora.mx\/index.php\/wp-json\/wp\/v2\/tags?post=92432"}],"curies":[{"name":"wp","href":"https:\/\/api.w.org\/{rel}","templated":true}]}}