{"id":92426,"date":"2026-09-06T12:01:55","date_gmt":"2026-09-06T18:01:55","guid":{"rendered":"https:\/\/lahora.mx\/?p=92426"},"modified":"2026-09-06T12:01:56","modified_gmt":"2026-09-06T18:01:56","slug":"mujer-de-origen-mixteco-asume-la-direccion-de-las-oficinas-de-mi-casa-es-puebla-en-nueva-jersey","status":"publish","type":"post","link":"https:\/\/lahora.mx\/index.php\/2026\/09\/06\/mujer-de-origen-mixteco-asume-la-direccion-de-las-oficinas-de-mi-casa-es-puebla-en-nueva-jersey\/","title":{"rendered":"Mujer de origen mixteco asume la direcci\u00f3n de las oficinas de \u00abMi Casa es Puebla\u00bb en Nueva Jersey"},"content":{"rendered":"\n<p class=\"wp-block-paragraph\">Leslie Z\u00fa\u00f1iga, una profesional con profundas ra\u00edces familiares en la regi\u00f3n Mixteca del estado de Puebla, tom\u00f3 posesi\u00f3n formal como nueva titular de la sede de \u00abMi Casa es Puebla\u00bb ubicada en Passaic, Nueva Jersey. Su designaci\u00f3n fue bien recibida por diversas organizaciones de migrantes que radican en la costa este de los Estados Unidos.<\/p>\n\n\n\n<p class=\"wp-block-paragraph\">El nombramiento responde a la estrategia de fortalecer la representaci\u00f3n institucional y la atenci\u00f3n directa hacia la amplia comunidad de poblanos que residen en la zona triestatal de Nueva York, Nueva Jersey y Connecticut. Z\u00fa\u00f1iga cuenta con trayectoria en el trabajo comunitario y en el acompa\u00f1amiento a familias migrantes en la Uni\u00f3n Americana.<\/p>\n\n\n\n<p class=\"wp-block-paragraph\">Desde esta oficina de enlace, la nueva directiva estar\u00e1 a cargo de coordinar la emisi\u00f3n de documentos de identidad, asesor\u00edas legales, programas educativos y actividades de promoci\u00f3n cultural. Su plan de trabajo enfatiza la necesidad de agilizar tr\u00e1mites esenciales y ofrecer un trato humano a los connacionales que acuden por apoyo.<\/p>\n\n\n\n<p class=\"wp-block-paragraph\">Con esta gesti\u00f3n, se busca afianzar los lazos entre el gobierno estatal y la di\u00e1spora poblana en el extranjero, priorizando la atenci\u00f3n a las comunidades con mayor presencia de familias mixtecas. La nueva administraci\u00f3n reafirm\u00f3 su disposici\u00f3n de colaborar con liderazgos locales para ampliar el alcance de los servicios.<\/p>\n","protected":false},"excerpt":{"rendered":"<p>Leslie Z\u00fa\u00f1iga, una profesional con profundas ra\u00edces familiares en la regi\u00f3n Mixteca del estado de Puebla, tom\u00f3 posesi\u00f3n formal como nueva titular de la sede de \u00abMi Casa es Puebla\u00bb ubicada en Passaic, Nueva Jersey. Su designaci\u00f3n fue bien recibida por diversas organizaciones de migrantes que radican en la costa este de los Estados Unidos. [&hellip;]<\/p>\n","protected":false},"author":1,"featured_media":92427,"comment_status":"open","ping_status":"open","sticky":false,"template":"","format":"standard","meta":{"om_disable_all_campaigns":false,"_monsterinsights_skip_tracking":false,"footnotes":""},"categories":[175],"tags":[195,223],"class_list":["post-92426","post","type-post","status-publish","format-standard","has-post-thumbnail","hentry","category-local","tag-principal","tag-puebla"],"amp_enabled":true,"_links":{"self":[{"href":"https:\/\/lahora.mx\/index.php\/wp-json\/wp\/v2\/posts\/92426","targetHints":{"allow":["GET"]}}],"collection":[{"href":"https:\/\/lahora.mx\/index.php\/wp-json\/wp\/v2\/posts"}],"about":[{"href":"https:\/\/lahora.mx\/index.php\/wp-json\/wp\/v2\/types\/post"}],"author":[{"embeddable":true,"href":"https:\/\/lahora.mx\/index.php\/wp-json\/wp\/v2\/users\/1"}],"replies":[{"embeddable":true,"href":"https:\/\/lahora.mx\/index.php\/wp-json\/wp\/v2\/comments?post=92426"}],"version-history":[{"count":1,"href":"https:\/\/lahora.mx\/index.php\/wp-json\/wp\/v2\/posts\/92426\/revisions"}],"predecessor-version":[{"id":92428,"href":"https:\/\/lahora.mx\/index.php\/wp-json\/wp\/v2\/posts\/92426\/revisions\/92428"}],"wp:featuredmedia":[{"embeddable":true,"href":"https:\/\/lahora.mx\/index.php\/wp-json\/wp\/v2\/media\/92427"}],"wp:attachment":[{"href":"https:\/\/lahora.mx\/index.php\/wp-json\/wp\/v2\/media?parent=92426"}],"wp:term":[{"taxonomy":"category","embeddable":true,"href":"https:\/\/lahora.mx\/index.php\/wp-json\/wp\/v2\/categories?post=92426"},{"taxonomy":"post_tag","embeddable":true,"href":"https:\/\/lahora.mx\/index.php\/wp-json\/wp\/v2\/tags?post=92426"}],"curies":[{"name":"wp","href":"https:\/\/api.w.org\/{rel}","templated":true}]}}