{"id":92420,"date":"2026-09-06T11:56:51","date_gmt":"2026-09-06T17:56:51","guid":{"rendered":"https:\/\/lahora.mx\/?p=92420"},"modified":"2026-09-06T11:56:52","modified_gmt":"2026-09-06T17:56:52","slug":"habitantes-de-la-colonia-el-leon-en-atlixco-denuncian-el-cierre-arbitrario-de-un-antiguo-camino-comunal","status":"publish","type":"post","link":"https:\/\/lahora.mx\/index.php\/2026\/09\/06\/habitantes-de-la-colonia-el-leon-en-atlixco-denuncian-el-cierre-arbitrario-de-un-antiguo-camino-comunal\/","title":{"rendered":"Habitantes de la colonia El Le\u00f3n en Atlixco denuncian el cierre arbitrario de un antiguo camino comunal"},"content":{"rendered":"\n<p class=\"wp-block-paragraph\">Vecinos de la colonia El Le\u00f3n, ubicada en el municipio de Atlixco, expresaron su profunda inconformidad ante el bloqueo de una v\u00eda de tr\u00e1nsito hist\u00f3rica que ha funcionado durante d\u00e9cadas como paso tradicional. Los colonos se\u00f1alaron que el acceso fue obstruido de manera unilateral mediante estructuras f\u00edsicas que impiden la circulaci\u00f3n peatonal y vehicular por la zona.<\/p>\n\n\n\n<p class=\"wp-block-paragraph\">Esta vialidad es utilizada cotidianamente por familias, estudiantes y trabajadores del sector para trasladarse hacia sus centros de trabajo, escuelas y servicios b\u00e1sicos. Por ello, el cierre arbitrario ha generado afectaciones directas en los tiempos de traslado y en las actividades diarias de la comunidad local.<\/p>\n\n\n\n<p class=\"wp-block-paragraph\">Ante la gravedad de la situaci\u00f3n, la representaci\u00f3n vecinal solicit\u00f3 la pronta intervenci\u00f3n de las autoridades municipales de Atlixco para revisar los t\u00edtulos de propiedad y verificar la legalidad del espacio afectado. Los inconformes exigen que se haga respetar el derecho de v\u00eda y se determine si el camino corresponde a un \u00e1rea comunal de uso p\u00fablico.<\/p>\n\n\n\n<p class=\"wp-block-paragraph\">Los afectados enfatizaron la importancia de garantizar el libre tr\u00e1nsito y pidieron evitar que el conflicto escale a confrontaciones entre particulares. La comunidad se mantiene organizada a la espera de un di\u00e1logo formal con las dependencias correspondientes que permita liberar el paso a la brevedad.<\/p>\n","protected":false},"excerpt":{"rendered":"<p>Vecinos de la colonia El Le\u00f3n, ubicada en el municipio de Atlixco, expresaron su profunda inconformidad ante el bloqueo de una v\u00eda de tr\u00e1nsito hist\u00f3rica que ha funcionado durante d\u00e9cadas como paso tradicional. Los colonos se\u00f1alaron que el acceso fue obstruido de manera unilateral mediante estructuras f\u00edsicas que impiden la circulaci\u00f3n peatonal y vehicular por [&hellip;]<\/p>\n","protected":false},"author":1,"featured_media":92421,"comment_status":"open","ping_status":"open","sticky":false,"template":"","format":"standard","meta":{"om_disable_all_campaigns":false,"_monsterinsights_skip_tracking":false,"footnotes":""},"categories":[175],"tags":[223],"class_list":["post-92420","post","type-post","status-publish","format-standard","has-post-thumbnail","hentry","category-local","tag-puebla"],"amp_enabled":true,"_links":{"self":[{"href":"https:\/\/lahora.mx\/index.php\/wp-json\/wp\/v2\/posts\/92420","targetHints":{"allow":["GET"]}}],"collection":[{"href":"https:\/\/lahora.mx\/index.php\/wp-json\/wp\/v2\/posts"}],"about":[{"href":"https:\/\/lahora.mx\/index.php\/wp-json\/wp\/v2\/types\/post"}],"author":[{"embeddable":true,"href":"https:\/\/lahora.mx\/index.php\/wp-json\/wp\/v2\/users\/1"}],"replies":[{"embeddable":true,"href":"https:\/\/lahora.mx\/index.php\/wp-json\/wp\/v2\/comments?post=92420"}],"version-history":[{"count":1,"href":"https:\/\/lahora.mx\/index.php\/wp-json\/wp\/v2\/posts\/92420\/revisions"}],"predecessor-version":[{"id":92422,"href":"https:\/\/lahora.mx\/index.php\/wp-json\/wp\/v2\/posts\/92420\/revisions\/92422"}],"wp:featuredmedia":[{"embeddable":true,"href":"https:\/\/lahora.mx\/index.php\/wp-json\/wp\/v2\/media\/92421"}],"wp:attachment":[{"href":"https:\/\/lahora.mx\/index.php\/wp-json\/wp\/v2\/media?parent=92420"}],"wp:term":[{"taxonomy":"category","embeddable":true,"href":"https:\/\/lahora.mx\/index.php\/wp-json\/wp\/v2\/categories?post=92420"},{"taxonomy":"post_tag","embeddable":true,"href":"https:\/\/lahora.mx\/index.php\/wp-json\/wp\/v2\/tags?post=92420"}],"curies":[{"name":"wp","href":"https:\/\/api.w.org\/{rel}","templated":true}]}}