{"id":92417,"date":"2026-09-06T11:46:30","date_gmt":"2026-09-06T17:46:30","guid":{"rendered":"https:\/\/lahora.mx\/?p=92417"},"modified":"2026-09-06T11:46:31","modified_gmt":"2026-09-06T17:46:31","slug":"gianni-infantino-buscara-extender-su-mandato-al-frente-de-la-fifa-hasta-el-ano-2031","status":"publish","type":"post","link":"https:\/\/lahora.mx\/index.php\/2026\/09\/06\/gianni-infantino-buscara-extender-su-mandato-al-frente-de-la-fifa-hasta-el-ano-2031\/","title":{"rendered":"Gianni Infantino buscar\u00e1 extender su mandato al frente de la FIFA hasta el a\u00f1o 2031"},"content":{"rendered":"\n<p class=\"wp-block-paragraph\">Gianni Infantino ha confirmado oficialmente sus intenciones de contender por un nuevo periodo de reelecci\u00f3n en la presidencia de la Federaci\u00f3n Internacional de F\u00fatbol Asociaci\u00f3n (FIFA). De concretarse su victoria en el pr\u00f3ximo proceso electoral, el directivo de nacionalidad suiza y italiana lograr\u00eda mantenerse como la m\u00e1xima autoridad del balompi\u00e9 mundial hasta el a\u00f1o 2031.<\/p>\n\n\n\n<p class=\"wp-block-paragraph\">Infantino asumi\u00f3 la direcci\u00f3n del organismo rector en 2016, en un momento cr\u00edtico marcado por reestructuraciones administrativas y esc\u00e1ndalos de corrupci\u00f3n institucional. El dirigente fundamenta la validez de su aspiraci\u00f3n ampar\u00e1ndose en el marco estatutario vigente, el cual establece un l\u00edmite de gesti\u00f3n pero le permite aspirar a un ciclo adicional bajo la interpretaci\u00f3n legal del inicio de su mandato.<\/p>\n\n\n\n<p class=\"wp-block-paragraph\">A lo largo de sus a\u00f1os al frente de la FIFA, el directivo ha promovido cambios sustanciales en el f\u00fatbol global, tales como la ampliaci\u00f3n de participantes en la Copa Mundial de la FIFA y la reestructuraci\u00f3n del Mundial de Clubes. No obstante, sus propuestas e iniciativas tambi\u00e9n han generado debates constantes entre las diversas confederaciones continentales y clubes europeos.<\/p>\n\n\n\n<p class=\"wp-block-paragraph\">El proceso de elecci\u00f3n formal definir\u00e1 el rumbo administrativo de la instituci\u00f3n en el congreso programado por el organismo. De cara a este nuevo reto pol\u00edtico, Infantino busca consolidar su agenda de expansi\u00f3n comercial, diversificaci\u00f3n de torneos y fortalecimiento financiero para todas las asociaciones miembro.<\/p>\n","protected":false},"excerpt":{"rendered":"<p>Gianni Infantino ha confirmado oficialmente sus intenciones de contender por un nuevo periodo de reelecci\u00f3n en la presidencia de la Federaci\u00f3n Internacional de F\u00fatbol Asociaci\u00f3n (FIFA). De concretarse su victoria en el pr\u00f3ximo proceso electoral, el directivo de nacionalidad suiza y italiana lograr\u00eda mantenerse como la m\u00e1xima autoridad del balompi\u00e9 mundial hasta el a\u00f1o 2031. [&hellip;]<\/p>\n","protected":false},"author":1,"featured_media":92418,"comment_status":"open","ping_status":"open","sticky":false,"template":"","format":"standard","meta":{"om_disable_all_campaigns":false,"_monsterinsights_skip_tracking":false,"footnotes":""},"categories":[183],"tags":[],"class_list":["post-92417","post","type-post","status-publish","format-standard","has-post-thumbnail","hentry","category-internacional"],"amp_enabled":true,"_links":{"self":[{"href":"https:\/\/lahora.mx\/index.php\/wp-json\/wp\/v2\/posts\/92417","targetHints":{"allow":["GET"]}}],"collection":[{"href":"https:\/\/lahora.mx\/index.php\/wp-json\/wp\/v2\/posts"}],"about":[{"href":"https:\/\/lahora.mx\/index.php\/wp-json\/wp\/v2\/types\/post"}],"author":[{"embeddable":true,"href":"https:\/\/lahora.mx\/index.php\/wp-json\/wp\/v2\/users\/1"}],"replies":[{"embeddable":true,"href":"https:\/\/lahora.mx\/index.php\/wp-json\/wp\/v2\/comments?post=92417"}],"version-history":[{"count":1,"href":"https:\/\/lahora.mx\/index.php\/wp-json\/wp\/v2\/posts\/92417\/revisions"}],"predecessor-version":[{"id":92419,"href":"https:\/\/lahora.mx\/index.php\/wp-json\/wp\/v2\/posts\/92417\/revisions\/92419"}],"wp:featuredmedia":[{"embeddable":true,"href":"https:\/\/lahora.mx\/index.php\/wp-json\/wp\/v2\/media\/92418"}],"wp:attachment":[{"href":"https:\/\/lahora.mx\/index.php\/wp-json\/wp\/v2\/media?parent=92417"}],"wp:term":[{"taxonomy":"category","embeddable":true,"href":"https:\/\/lahora.mx\/index.php\/wp-json\/wp\/v2\/categories?post=92417"},{"taxonomy":"post_tag","embeddable":true,"href":"https:\/\/lahora.mx\/index.php\/wp-json\/wp\/v2\/tags?post=92417"}],"curies":[{"name":"wp","href":"https:\/\/api.w.org\/{rel}","templated":true}]}}