{"id":92414,"date":"2026-09-06T11:41:07","date_gmt":"2026-09-06T17:41:07","guid":{"rendered":"https:\/\/lahora.mx\/?p=92414"},"modified":"2026-09-06T11:41:08","modified_gmt":"2026-09-06T17:41:08","slug":"estudiantes-de-la-buap-plasman-identidad-y-cultura-en-nuevo-mural-del-complejo-regional-de-tepeaca","status":"publish","type":"post","link":"https:\/\/lahora.mx\/index.php\/2026\/09\/06\/estudiantes-de-la-buap-plasman-identidad-y-cultura-en-nuevo-mural-del-complejo-regional-de-tepeaca\/","title":{"rendered":"Estudiantes de la BUAP plasman identidad y cultura en nuevo mural del Complejo Regional de Tepeaca"},"content":{"rendered":"\n<p class=\"wp-block-paragraph\">Estudiantes de la Benem\u00e9rita Universidad Aut\u00f3noma de Puebla (BUAP) inauguraron un nuevo mural art\u00edstico en las instalaciones de la Preparatoria de Tepeaca, perteneciente al Complejo Regional Centro. La obra pl\u00e1stica fue concebida y ejecutada por la propia comunidad estudiantil como una forma de dar vida a los espacios escolares y fomentar las expresiones creativas.<\/p>\n\n\n\n<p class=\"wp-block-paragraph\">El dise\u00f1o del mural refleja la visi\u00f3n, el talento y la riqueza cultural de los j\u00f3venes universitarios, integrando elementos simb\u00f3licos que representan la historia local y el sentido de pertenencia a la instituci\u00f3n. Durante el proceso de elaboraci\u00f3n, los alumnos contaron con la gu\u00eda de docentes y especialistas que orientaron las t\u00e9cnicas pl\u00e1sticas utilizadas.<\/p>\n\n\n\n<p class=\"wp-block-paragraph\">La m\u00e1xima casa de estudios en la entidad destac\u00f3 el compromiso de las y los j\u00f3venes participantes, enfatizando que este tipo de iniciativas fortalece el desarrollo integral al combinar el aprendizaje acad\u00e9mico con el arte. La inauguraci\u00f3n cont\u00f3 con la presencia de directivos, profesores y compa\u00f1eros de clase que reconocieron el esfuerzo colectivo.<\/p>\n\n\n\n<p class=\"wp-block-paragraph\">Se prev\u00e9 que este proyecto de muralismo universitario contin\u00fae replic\u00e1ndose en diversas sedes de los complejos regionales de la BUAP en el estado. Con ello, las autoridades universitarias buscan consolidar entornos educativos din\u00e1micos donde la cultura sea un pilar fundamental en la formaci\u00f3n acad\u00e9mica.<\/p>\n","protected":false},"excerpt":{"rendered":"<p>Estudiantes de la Benem\u00e9rita Universidad Aut\u00f3noma de Puebla (BUAP) inauguraron un nuevo mural art\u00edstico en las instalaciones de la Preparatoria de Tepeaca, perteneciente al Complejo Regional Centro. La obra pl\u00e1stica fue concebida y ejecutada por la propia comunidad estudiantil como una forma de dar vida a los espacios escolares y fomentar las expresiones creativas. El [&hellip;]<\/p>\n","protected":false},"author":1,"featured_media":92415,"comment_status":"open","ping_status":"open","sticky":false,"template":"","format":"standard","meta":{"om_disable_all_campaigns":false,"_monsterinsights_skip_tracking":false,"footnotes":""},"categories":[175],"tags":[186,223],"class_list":["post-92414","post","type-post","status-publish","format-standard","has-post-thumbnail","hentry","category-local","tag-buap","tag-puebla"],"amp_enabled":true,"_links":{"self":[{"href":"https:\/\/lahora.mx\/index.php\/wp-json\/wp\/v2\/posts\/92414","targetHints":{"allow":["GET"]}}],"collection":[{"href":"https:\/\/lahora.mx\/index.php\/wp-json\/wp\/v2\/posts"}],"about":[{"href":"https:\/\/lahora.mx\/index.php\/wp-json\/wp\/v2\/types\/post"}],"author":[{"embeddable":true,"href":"https:\/\/lahora.mx\/index.php\/wp-json\/wp\/v2\/users\/1"}],"replies":[{"embeddable":true,"href":"https:\/\/lahora.mx\/index.php\/wp-json\/wp\/v2\/comments?post=92414"}],"version-history":[{"count":1,"href":"https:\/\/lahora.mx\/index.php\/wp-json\/wp\/v2\/posts\/92414\/revisions"}],"predecessor-version":[{"id":92416,"href":"https:\/\/lahora.mx\/index.php\/wp-json\/wp\/v2\/posts\/92414\/revisions\/92416"}],"wp:featuredmedia":[{"embeddable":true,"href":"https:\/\/lahora.mx\/index.php\/wp-json\/wp\/v2\/media\/92415"}],"wp:attachment":[{"href":"https:\/\/lahora.mx\/index.php\/wp-json\/wp\/v2\/media?parent=92414"}],"wp:term":[{"taxonomy":"category","embeddable":true,"href":"https:\/\/lahora.mx\/index.php\/wp-json\/wp\/v2\/categories?post=92414"},{"taxonomy":"post_tag","embeddable":true,"href":"https:\/\/lahora.mx\/index.php\/wp-json\/wp\/v2\/tags?post=92414"}],"curies":[{"name":"wp","href":"https:\/\/api.w.org\/{rel}","templated":true}]}}