{"id":92410,"date":"2026-09-06T11:34:49","date_gmt":"2026-09-06T17:34:49","guid":{"rendered":"https:\/\/lahora.mx\/?p=92410"},"modified":"2026-09-06T11:34:50","modified_gmt":"2026-09-06T17:34:50","slug":"vinculan-a-proceso-a-pareja-acusada-de-trata-de-personas-en-la-modalidad-de-pornografia-infantil-en-puebla","status":"publish","type":"post","link":"https:\/\/lahora.mx\/index.php\/2026\/09\/06\/vinculan-a-proceso-a-pareja-acusada-de-trata-de-personas-en-la-modalidad-de-pornografia-infantil-en-puebla\/","title":{"rendered":"Vinculan a proceso a pareja acusada de trata de personas en la modalidad de pornograf\u00eda infantil en Puebla"},"content":{"rendered":"\n<p class=\"wp-block-paragraph\">Un juez de control dict\u00f3 auto de vinculaci\u00f3n a proceso y prisi\u00f3n preventiva oficiosa en contra de Sandra \u201cN\u201d y Roberto Carlos \u201cN\u201d, se\u00f1alados como presuntos responsables del delito de trata de personas en la modalidad de pornograf\u00eda infantil.<sup><\/sup> De acuerdo con las investigaciones ministeriales, los imputados indujeron y elaboraron material audiovisual con contenido expl\u00edcito que involucraba a dos menores de edad, hijas de la mujer detenida, hechos que habr\u00edan sido cometidos y almacenados entre los a\u00f1os 2019 y 2020.<sup><\/sup><\/p>\n\n\n\n<p class=\"wp-block-paragraph\">El aseguramiento de la pareja se llev\u00f3 a cabo por agentes de la Agencia Estatal de Investigaci\u00f3n en las inmediaciones de la unidad habitacional Fuentes de San Bartolo, en la capital poblana, tras recabar pruebas digitales y periciales.<sup><\/sup> La Fiscal\u00eda General del Estado de Puebla confirm\u00f3 que mantendr\u00e1 el seguimiento al caso y reiter\u00f3 su compromiso de sancionar todo delito que atente contra la integridad f\u00edsica, emocional y el libre desarrollo de ni\u00f1as, ni\u00f1os y adolescentes.<sup><\/sup><\/p>\n","protected":false},"excerpt":{"rendered":"<p>Un juez de control dict\u00f3 auto de vinculaci\u00f3n a proceso y prisi\u00f3n preventiva oficiosa en contra de Sandra \u201cN\u201d y Roberto Carlos \u201cN\u201d, se\u00f1alados como presuntos responsables del delito de trata de personas en la modalidad de pornograf\u00eda infantil. De acuerdo con las investigaciones ministeriales, los imputados indujeron y elaboraron material audiovisual con contenido expl\u00edcito [&hellip;]<\/p>\n","protected":false},"author":1,"featured_media":92412,"comment_status":"open","ping_status":"open","sticky":false,"template":"","format":"standard","meta":{"om_disable_all_campaigns":false,"_monsterinsights_skip_tracking":false,"footnotes":""},"categories":[175],"tags":[223],"class_list":["post-92410","post","type-post","status-publish","format-standard","has-post-thumbnail","hentry","category-local","tag-puebla"],"amp_enabled":true,"_links":{"self":[{"href":"https:\/\/lahora.mx\/index.php\/wp-json\/wp\/v2\/posts\/92410","targetHints":{"allow":["GET"]}}],"collection":[{"href":"https:\/\/lahora.mx\/index.php\/wp-json\/wp\/v2\/posts"}],"about":[{"href":"https:\/\/lahora.mx\/index.php\/wp-json\/wp\/v2\/types\/post"}],"author":[{"embeddable":true,"href":"https:\/\/lahora.mx\/index.php\/wp-json\/wp\/v2\/users\/1"}],"replies":[{"embeddable":true,"href":"https:\/\/lahora.mx\/index.php\/wp-json\/wp\/v2\/comments?post=92410"}],"version-history":[{"count":1,"href":"https:\/\/lahora.mx\/index.php\/wp-json\/wp\/v2\/posts\/92410\/revisions"}],"predecessor-version":[{"id":92413,"href":"https:\/\/lahora.mx\/index.php\/wp-json\/wp\/v2\/posts\/92410\/revisions\/92413"}],"wp:featuredmedia":[{"embeddable":true,"href":"https:\/\/lahora.mx\/index.php\/wp-json\/wp\/v2\/media\/92412"}],"wp:attachment":[{"href":"https:\/\/lahora.mx\/index.php\/wp-json\/wp\/v2\/media?parent=92410"}],"wp:term":[{"taxonomy":"category","embeddable":true,"href":"https:\/\/lahora.mx\/index.php\/wp-json\/wp\/v2\/categories?post=92410"},{"taxonomy":"post_tag","embeddable":true,"href":"https:\/\/lahora.mx\/index.php\/wp-json\/wp\/v2\/tags?post=92410"}],"curies":[{"name":"wp","href":"https:\/\/api.w.org\/{rel}","templated":true}]}}