{"id":92404,"date":"2026-09-06T10:37:01","date_gmt":"2026-09-06T16:37:01","guid":{"rendered":"https:\/\/lahora.mx\/?p=92404"},"modified":"2026-09-06T10:37:03","modified_gmt":"2026-09-06T16:37:03","slug":"entregan-4-mil-200-apoyos-alimentarios-a-familias-de-santo-tomas-chautla","status":"publish","type":"post","link":"https:\/\/lahora.mx\/index.php\/2026\/09\/06\/entregan-4-mil-200-apoyos-alimentarios-a-familias-de-santo-tomas-chautla\/","title":{"rendered":"Entregan 4 mil 200 apoyos alimentarios a familias de Santo Tom\u00e1s Chautla"},"content":{"rendered":"\n<p class=\"wp-block-paragraph\">El Ayuntamiento de Puebla realiz\u00f3 la distribuci\u00f3n de 4 mil 200 despensas pertenecientes al programa \u00abAlimentaci\u00f3n Imparable\u00bb en la junta auxiliar de Santo Tom\u00e1s Chautla. La entrega, coordinada por el Sistema Municipal DIF encabezado por MariElise Budib, tiene como finalidad atender las necesidades nutricionales de los sectores en situaci\u00f3n de vulnerabilidad dentro de la capital poblana. <\/p>\n\n\n\n<p class=\"wp-block-paragraph\">En representaci\u00f3n del alcalde Pepe Chedraui Budib, el director general del DIF Municipal, Jes\u00fas Alejandro Cort\u00e9s Carrasco, destac\u00f3 que cada paquete contiene productos seleccionados bajo criterios de calidad nutricional. El funcionario se\u00f1al\u00f3 que estos insumos b\u00e1sicos buscan impactar de manera positiva en la econom\u00eda de los hogares al reducir el gasto destinado a la adquisici\u00f3n de insumos de primera necesidad.<\/p>\n\n\n\n<p class=\"wp-block-paragraph\">Durante la jornada se reafirm\u00f3 el prop\u00f3sito del gobierno municipal de ampliar la cobertura de los programas sociales hacia las zonas periurbanas de la demarcaci\u00f3n. Autoridades del organismo asistencial destacaron que la entrega directa de estos insumos busca consolidar pol\u00edticas p\u00fablicas orientadas a la inclusi\u00f3n y al fortalecimiento de la seguridad alimentaria en el municipio.<\/p>\n\n\n\n<p class=\"wp-block-paragraph\">Por su parte, el presidente auxiliar de Santo Tom\u00e1s Chautla, Rafael Merino Morales, agradeci\u00f3 el desarrollo de estas acciones en la localidad, resaltando la relevancia de mantener apoyos constantes para la poblaci\u00f3n en situaci\u00f3n prioritaria. La comuna capitalina adelant\u00f3 que mantendr\u00e1 las jornadas de apoyo en diversas colonias y juntas auxiliares de Puebla.<\/p>\n","protected":false},"excerpt":{"rendered":"<p>El Ayuntamiento de Puebla realiz\u00f3 la distribuci\u00f3n de 4 mil 200 despensas pertenecientes al programa \u00abAlimentaci\u00f3n Imparable\u00bb en la junta auxiliar de Santo Tom\u00e1s Chautla. La entrega, coordinada por el Sistema Municipal DIF encabezado por MariElise Budib, tiene como finalidad atender las necesidades nutricionales de los sectores en situaci\u00f3n de vulnerabilidad dentro de la capital [&hellip;]<\/p>\n","protected":false},"author":1,"featured_media":92405,"comment_status":"open","ping_status":"open","sticky":false,"template":"","format":"standard","meta":{"om_disable_all_campaigns":false,"_monsterinsights_skip_tracking":false,"footnotes":""},"categories":[175],"tags":[320,223],"class_list":["post-92404","post","type-post","status-publish","format-standard","has-post-thumbnail","hentry","category-local","tag-chedraui","tag-puebla"],"amp_enabled":true,"_links":{"self":[{"href":"https:\/\/lahora.mx\/index.php\/wp-json\/wp\/v2\/posts\/92404","targetHints":{"allow":["GET"]}}],"collection":[{"href":"https:\/\/lahora.mx\/index.php\/wp-json\/wp\/v2\/posts"}],"about":[{"href":"https:\/\/lahora.mx\/index.php\/wp-json\/wp\/v2\/types\/post"}],"author":[{"embeddable":true,"href":"https:\/\/lahora.mx\/index.php\/wp-json\/wp\/v2\/users\/1"}],"replies":[{"embeddable":true,"href":"https:\/\/lahora.mx\/index.php\/wp-json\/wp\/v2\/comments?post=92404"}],"version-history":[{"count":1,"href":"https:\/\/lahora.mx\/index.php\/wp-json\/wp\/v2\/posts\/92404\/revisions"}],"predecessor-version":[{"id":92406,"href":"https:\/\/lahora.mx\/index.php\/wp-json\/wp\/v2\/posts\/92404\/revisions\/92406"}],"wp:featuredmedia":[{"embeddable":true,"href":"https:\/\/lahora.mx\/index.php\/wp-json\/wp\/v2\/media\/92405"}],"wp:attachment":[{"href":"https:\/\/lahora.mx\/index.php\/wp-json\/wp\/v2\/media?parent=92404"}],"wp:term":[{"taxonomy":"category","embeddable":true,"href":"https:\/\/lahora.mx\/index.php\/wp-json\/wp\/v2\/categories?post=92404"},{"taxonomy":"post_tag","embeddable":true,"href":"https:\/\/lahora.mx\/index.php\/wp-json\/wp\/v2\/tags?post=92404"}],"curies":[{"name":"wp","href":"https:\/\/api.w.org\/{rel}","templated":true}]}}