{"id":92401,"date":"2026-09-06T10:35:19","date_gmt":"2026-09-06T16:35:19","guid":{"rendered":"https:\/\/lahora.mx\/?p=92401"},"modified":"2026-09-06T10:35:21","modified_gmt":"2026-09-06T16:35:21","slug":"sitiavw-promete-cartas-de-reingreso-para-trabajadores-despedidos-de-volkswagen-puebla","status":"publish","type":"post","link":"https:\/\/lahora.mx\/index.php\/2026\/09\/06\/sitiavw-promete-cartas-de-reingreso-para-trabajadores-despedidos-de-volkswagen-puebla\/","title":{"rendered":"SITIAVW promete cartas de reingreso para trabajadores despedidos de Volkswagen Puebla"},"content":{"rendered":"\n<p class=\"wp-block-paragraph\">El Sindicato Independiente de Trabajadores de la Industria Automotriz Volkswagen (SITIAVW) inform\u00f3 a los exempleados de la armadora que en los pr\u00f3ximos d\u00edas les har\u00e1 entrega de cartas de reingreso respaldadas por las autoridades laborales. Con este documento, la directiva gremial busca dar certeza a los obreros de que podr\u00e1n incorporarse nuevamente a las l\u00edneas de producci\u00f3n entre abril y mayo de 2027, periodo en el que est\u00e1 programado el inicio del ensamble del modelo Golf en la planta instalada en Puebla.<\/p>\n\n\n\n<p class=\"wp-block-paragraph\">Durante un encuentro celebrado en la Unidad Deportiva del sindicato, el secretario general Hugo Tlalpan Luna explic\u00f3 a los asistentes que la recontrataci\u00f3n contemplar\u00e1 el respeto a su grupo y a la antig\u00fcedad acumulada. Asimismo, se indic\u00f3 que los extrabajadores podr\u00edan recibir el pago retroactivo correspondiente al incremento salarial, as\u00ed como un premio de calidad pendiente, una vez que concluyan los procesos de consulta sobre la propuesta de aumento global del 10.04 por ciento.<\/p>\n\n\n\n<p class=\"wp-block-paragraph\">Pese a los anuncios del comit\u00e9 directivo, los extrabajadores expresaron dudas sobre el cumplimiento de estas promesas y se\u00f1alaron la falta de comunicaci\u00f3n directa por parte de los directivos de la empresa previo a la ejecuci\u00f3n de sus bajas. La reducci\u00f3n de personal responde a los ajustes operativos realizados en la f\u00e1brica tras la eliminaci\u00f3n de un turno dentro del segmento de producci\u00f3n Jetta-Tiguan.<\/p>\n\n\n\n<p class=\"wp-block-paragraph\">Ante el escenario de incertidumbre econ\u00f3mica para los pr\u00f3ximos meses, los afectados solicitaron el respaldo del gobierno estatal mediante apoyos o esquemas de vinculaci\u00f3n laboral. Por su parte, la representaci\u00f3n sindical mantiene las gestiones ante las autoridades correspondientes para dar seguimiento al plan de reincorporaci\u00f3n previsto para el siguiente a\u00f1o.<\/p>\n","protected":false},"excerpt":{"rendered":"<p>El Sindicato Independiente de Trabajadores de la Industria Automotriz Volkswagen (SITIAVW) inform\u00f3 a los exempleados de la armadora que en los pr\u00f3ximos d\u00edas les har\u00e1 entrega de cartas de reingreso respaldadas por las autoridades laborales. Con este documento, la directiva gremial busca dar certeza a los obreros de que podr\u00e1n incorporarse nuevamente a las l\u00edneas [&hellip;]<\/p>\n","protected":false},"author":1,"featured_media":92402,"comment_status":"open","ping_status":"open","sticky":false,"template":"","format":"standard","meta":{"om_disable_all_campaigns":false,"_monsterinsights_skip_tracking":false,"footnotes":""},"categories":[175],"tags":[239,195,223],"class_list":["post-92401","post","type-post","status-publish","format-standard","has-post-thumbnail","hentry","category-local","tag-gobierno","tag-principal","tag-puebla"],"amp_enabled":true,"_links":{"self":[{"href":"https:\/\/lahora.mx\/index.php\/wp-json\/wp\/v2\/posts\/92401","targetHints":{"allow":["GET"]}}],"collection":[{"href":"https:\/\/lahora.mx\/index.php\/wp-json\/wp\/v2\/posts"}],"about":[{"href":"https:\/\/lahora.mx\/index.php\/wp-json\/wp\/v2\/types\/post"}],"author":[{"embeddable":true,"href":"https:\/\/lahora.mx\/index.php\/wp-json\/wp\/v2\/users\/1"}],"replies":[{"embeddable":true,"href":"https:\/\/lahora.mx\/index.php\/wp-json\/wp\/v2\/comments?post=92401"}],"version-history":[{"count":1,"href":"https:\/\/lahora.mx\/index.php\/wp-json\/wp\/v2\/posts\/92401\/revisions"}],"predecessor-version":[{"id":92403,"href":"https:\/\/lahora.mx\/index.php\/wp-json\/wp\/v2\/posts\/92401\/revisions\/92403"}],"wp:featuredmedia":[{"embeddable":true,"href":"https:\/\/lahora.mx\/index.php\/wp-json\/wp\/v2\/media\/92402"}],"wp:attachment":[{"href":"https:\/\/lahora.mx\/index.php\/wp-json\/wp\/v2\/media?parent=92401"}],"wp:term":[{"taxonomy":"category","embeddable":true,"href":"https:\/\/lahora.mx\/index.php\/wp-json\/wp\/v2\/categories?post=92401"},{"taxonomy":"post_tag","embeddable":true,"href":"https:\/\/lahora.mx\/index.php\/wp-json\/wp\/v2\/tags?post=92401"}],"curies":[{"name":"wp","href":"https:\/\/api.w.org\/{rel}","templated":true}]}}