{"id":92394,"date":"2026-09-05T17:43:20","date_gmt":"2026-09-05T23:43:20","guid":{"rendered":"https:\/\/lahora.mx\/?p=92394"},"modified":"2026-09-05T17:45:17","modified_gmt":"2026-09-05T23:45:17","slug":"preside-ceci-arellano-jornada-por-amor-a-las-familias-en-san-francisco-totimehuacan","status":"publish","type":"post","link":"https:\/\/lahora.mx\/index.php\/2026\/09\/05\/preside-ceci-arellano-jornada-por-amor-a-las-familias-en-san-francisco-totimehuacan\/","title":{"rendered":"PRESIDENTA CECI ARELLANO JORNADA POR AMOR A LAS FAMILIAS EN SAN FRANCISCO TOTIMEHUAC\u00c1N"},"content":{"rendered":"\n<p class=\"wp-block-paragraph\">-El SEDIF acerc\u00f3 apoyos alimentarios, servicios de salud y acciones comunitarias a las familias de esta regi\u00f3n.<\/p>\n\n\n\n<p class=\"wp-block-paragraph\">PUEBLA, Pue.\u2013 Con el prop\u00f3sito de acercar programas, apoyos y servicios a las familias de San Francisco Totimehuacan, la presidenta del Patronato del Sistema Estatal para el Desarrollo Integral de la Familia (SEDIF), Ceci Arellano, presidi\u00f3 la Jornada Por Amor a las Familias, acompa\u00f1ada por el director general del organismo, Carlos Ochoa Rodr\u00edguez, donde mil 942 personas fueron beneficiadas con 7 mil 432 canastas alimentarias.<\/p>\n\n\n\n<p class=\"wp-block-paragraph\">Como parte de esta jornada, se entregaron 4 mil 527 canastas a mil 509 personas en situaci\u00f3n de vulnerabilidad, as\u00ed como 2 mil 905 apoyos para 415 beneficiarias y beneficiarios del programa 1000 D\u00edas y Primera Infancia. Adem\u00e1s, se realizaron siete acciones de obra comunitaria para la rehabilitaci\u00f3n de tres CAIC y el equipamiento de cuatro desayunadores, en beneficio de 853 personas.<\/p>\n\n\n\n<p class=\"wp-block-paragraph\">Para fortalecer la atenci\u00f3n a la salud, Beneficencia P\u00fablica entreg\u00f3 tres audi\u00f3metros que ser\u00e1n destinados a los municipios de Tehuac\u00e1n y Chignahuapan, as\u00ed como a Casa del Abue Puebla Centro. Estos equipos permitir\u00e1n facilitar la detecci\u00f3n oportuna de deficiencias auditivas y acercar servicios especializados a las comunidades.<\/p>\n\n\n\n<p class=\"wp-block-paragraph\">Durante el encuentro tambi\u00e9n se ofrecieron servicios m\u00e9dicos y odontol\u00f3gicos, rayos X y otras atenciones integrales. Carlos Ochoa Rodr\u00edguez destac\u00f3 que cada apoyo representa una muestra del compromiso y cercan\u00eda del SEDIF con las familias, adem\u00e1s de se\u00f1alar que, bajo el liderazgo de Ceci Arellano, el organismo mantiene una presencia permanente en territorio para conocer sus necesidades y trabajar junto a ellas.<\/p>\n\n\n\n<p class=\"wp-block-paragraph\">El director general resalt\u00f3 que esta forma de trabajo responde a la visi\u00f3n del gobernador Alejandro Armenta, de impulsar un gobierno cercano a la poblaci\u00f3n y con mayor presencia en las comunidades. Asimismo, se\u00f1al\u00f3 que las acciones del SEDIF coinciden con el principio de la presidenta de M\u00e9xico, Claudia Sheinbaum, de que la prosperidad tiene sentido cuando se comparte y llega a todas las comunidades.<\/p>\n\n\n\n<p class=\"wp-block-paragraph\">Con Por Amor a las Familias, el SEDIF fortalece la atenci\u00f3n directa en las comunidades y genera espacios para que las familias accedan a programas, servicios y apoyos que contribuyan a mejorar sus condiciones de vida.<\/p>\n","protected":false},"excerpt":{"rendered":"<p>-El SEDIF acerc\u00f3 apoyos alimentarios, servicios de salud y acciones comunitarias a las familias de esta regi\u00f3n. PUEBLA, Pue.\u2013 Con el prop\u00f3sito de acercar programas, apoyos y servicios a las familias de San Francisco Totimehuacan, la presidenta del Patronato del Sistema Estatal para el Desarrollo Integral de la Familia (SEDIF), Ceci Arellano, presidi\u00f3 la Jornada [&hellip;]<\/p>\n","protected":false},"author":1,"featured_media":92395,"comment_status":"open","ping_status":"open","sticky":false,"template":"","format":"standard","meta":{"om_disable_all_campaigns":false,"_monsterinsights_skip_tracking":false,"footnotes":""},"categories":[175],"tags":[239,223],"class_list":["post-92394","post","type-post","status-publish","format-standard","has-post-thumbnail","hentry","category-local","tag-gobierno","tag-puebla"],"amp_enabled":true,"_links":{"self":[{"href":"https:\/\/lahora.mx\/index.php\/wp-json\/wp\/v2\/posts\/92394","targetHints":{"allow":["GET"]}}],"collection":[{"href":"https:\/\/lahora.mx\/index.php\/wp-json\/wp\/v2\/posts"}],"about":[{"href":"https:\/\/lahora.mx\/index.php\/wp-json\/wp\/v2\/types\/post"}],"author":[{"embeddable":true,"href":"https:\/\/lahora.mx\/index.php\/wp-json\/wp\/v2\/users\/1"}],"replies":[{"embeddable":true,"href":"https:\/\/lahora.mx\/index.php\/wp-json\/wp\/v2\/comments?post=92394"}],"version-history":[{"count":2,"href":"https:\/\/lahora.mx\/index.php\/wp-json\/wp\/v2\/posts\/92394\/revisions"}],"predecessor-version":[{"id":92398,"href":"https:\/\/lahora.mx\/index.php\/wp-json\/wp\/v2\/posts\/92394\/revisions\/92398"}],"wp:featuredmedia":[{"embeddable":true,"href":"https:\/\/lahora.mx\/index.php\/wp-json\/wp\/v2\/media\/92395"}],"wp:attachment":[{"href":"https:\/\/lahora.mx\/index.php\/wp-json\/wp\/v2\/media?parent=92394"}],"wp:term":[{"taxonomy":"category","embeddable":true,"href":"https:\/\/lahora.mx\/index.php\/wp-json\/wp\/v2\/categories?post=92394"},{"taxonomy":"post_tag","embeddable":true,"href":"https:\/\/lahora.mx\/index.php\/wp-json\/wp\/v2\/tags?post=92394"}],"curies":[{"name":"wp","href":"https:\/\/api.w.org\/{rel}","templated":true}]}}