{"id":92391,"date":"2026-09-05T17:34:54","date_gmt":"2026-09-05T23:34:54","guid":{"rendered":"https:\/\/lahora.mx\/?p=92391"},"modified":"2026-09-05T17:37:47","modified_gmt":"2026-09-05T23:37:47","slug":"antigua-estacion-de-ferrocarril-de-izucar-sera-museo-originario-alejandro-armenta","status":"publish","type":"post","link":"https:\/\/lahora.mx\/index.php\/2026\/09\/05\/antigua-estacion-de-ferrocarril-de-izucar-sera-museo-originario-alejandro-armenta\/","title":{"rendered":"Antigua estaci\u00f3n de ferrocarril de Iz\u00facar ser\u00e1 museo originario: Alejandro Armenta"},"content":{"rendered":"\n<p class=\"wp-block-paragraph\"><\/p>\n\n\n\n<p class=\"wp-block-paragraph\">La antigua <strong>Estaci\u00f3n del Ferrocarril<\/strong> de <strong>Iz\u00facar de Matamoros<\/strong> ser\u00e1 intervenida para convertirse en un <strong>museo<\/strong> destinado a exhibir y preservar vestigios de las culturas originarias de la regi\u00f3n.<\/p>\n\n\n\n<p class=\"wp-block-paragraph\">El anuncio fue realizado por el gobernador del estado, Alejandro Armenta Mier, durante la entrega de apoyos del <strong>Programa Obra Comunitaria<\/strong>. El mandatario detall\u00f3 que este proyecto rescata una promesa hecha hace 15 a\u00f1os cuando se desempe\u00f1aba como diputado local, momento en que una docente de la zona le mostr\u00f3 diversas piezas arqueol\u00f3gicas bajo su resguardo y le solicit\u00f3 gestionar un espacio adecuado para su conservaci\u00f3n.<\/p>\n\n\n\n<p class=\"wp-block-paragraph\">Como respuesta a aquella petici\u00f3n, el proyecto ejecutivo convertir\u00e1 la hist\u00f3rica infraestructura ferroviaria en un recinto que rinda homenaje al patrimonio precolombino de la Mixteca poblana.<\/p>\n\n\n\n<p class=\"wp-block-paragraph\">De acuerdo con el gobernador, el <strong>nuevo museo de Iz\u00facar de Matamoros<\/strong> no operar\u00e1 de manera aislada; se integrar\u00e1 a un <strong>corredor cultural y tur\u00edstico<\/strong> que incluir\u00e1 una ciclov\u00eda dise\u00f1ada para conectar el recinto con una instituci\u00f3n universitaria de la regi\u00f3n.<\/p>\n\n\n\n<p class=\"wp-block-paragraph\">Asimismo, Armenta Mier destac\u00f3 que la creaci\u00f3n de este espacio busca rendir un reconocimiento a la comunidad migrante de la zona que actualmente radica en <strong>Estados Unidos<\/strong>.<\/p>\n\n\n\n<p class=\"wp-block-paragraph\">\u201cLos museos son la esencia de nuestra identidad; la cultura lo abarca todo. Somos una sociedad con una profunda historia y diversas etapas de desarrollo civilizatorio desde la \u00e9poca prehisp\u00e1nica\u201d, sostuvo el titular del Ejecutivo estatal.<\/p>\n","protected":false},"excerpt":{"rendered":"<p>La antigua Estaci\u00f3n del Ferrocarril de Iz\u00facar de Matamoros ser\u00e1 intervenida para convertirse en un museo destinado a exhibir y preservar vestigios de las culturas originarias de la regi\u00f3n. El anuncio fue realizado por el gobernador del estado, Alejandro Armenta Mier, durante la entrega de apoyos del Programa Obra Comunitaria. El mandatario detall\u00f3 que este [&hellip;]<\/p>\n","protected":false},"author":1,"featured_media":92392,"comment_status":"open","ping_status":"open","sticky":false,"template":"","format":"standard","meta":{"om_disable_all_campaigns":false,"_monsterinsights_skip_tracking":false,"footnotes":""},"categories":[175],"tags":[239,223],"class_list":["post-92391","post","type-post","status-publish","format-standard","has-post-thumbnail","hentry","category-local","tag-gobierno","tag-puebla"],"amp_enabled":true,"_links":{"self":[{"href":"https:\/\/lahora.mx\/index.php\/wp-json\/wp\/v2\/posts\/92391","targetHints":{"allow":["GET"]}}],"collection":[{"href":"https:\/\/lahora.mx\/index.php\/wp-json\/wp\/v2\/posts"}],"about":[{"href":"https:\/\/lahora.mx\/index.php\/wp-json\/wp\/v2\/types\/post"}],"author":[{"embeddable":true,"href":"https:\/\/lahora.mx\/index.php\/wp-json\/wp\/v2\/users\/1"}],"replies":[{"embeddable":true,"href":"https:\/\/lahora.mx\/index.php\/wp-json\/wp\/v2\/comments?post=92391"}],"version-history":[{"count":1,"href":"https:\/\/lahora.mx\/index.php\/wp-json\/wp\/v2\/posts\/92391\/revisions"}],"predecessor-version":[{"id":92393,"href":"https:\/\/lahora.mx\/index.php\/wp-json\/wp\/v2\/posts\/92391\/revisions\/92393"}],"wp:featuredmedia":[{"embeddable":true,"href":"https:\/\/lahora.mx\/index.php\/wp-json\/wp\/v2\/media\/92392"}],"wp:attachment":[{"href":"https:\/\/lahora.mx\/index.php\/wp-json\/wp\/v2\/media?parent=92391"}],"wp:term":[{"taxonomy":"category","embeddable":true,"href":"https:\/\/lahora.mx\/index.php\/wp-json\/wp\/v2\/categories?post=92391"},{"taxonomy":"post_tag","embeddable":true,"href":"https:\/\/lahora.mx\/index.php\/wp-json\/wp\/v2\/tags?post=92391"}],"curies":[{"name":"wp","href":"https:\/\/api.w.org\/{rel}","templated":true}]}}