{"id":92388,"date":"2026-09-05T17:03:19","date_gmt":"2026-09-05T23:03:19","guid":{"rendered":"https:\/\/lahora.mx\/?p=92388"},"modified":"2026-09-05T17:44:47","modified_gmt":"2026-09-05T23:44:47","slug":"vinculan-a-proceso-a-mujer-y-a-su-complice-por-trata-de-personas-en-agravio-de-sus-dos-hijas-en-puebla","status":"publish","type":"post","link":"https:\/\/lahora.mx\/index.php\/2026\/09\/05\/vinculan-a-proceso-a-mujer-y-a-su-complice-por-trata-de-personas-en-agravio-de-sus-dos-hijas-en-puebla\/","title":{"rendered":"Vinculan a proceso a mujer y a su c\u00f3mplice por trata de personas en agravio de sus dos hijas en Puebla"},"content":{"rendered":"\n<p class=\"wp-block-paragraph\"><\/p>\n\n\n\n<p class=\"wp-block-paragraph\"><em>Sandra \u201cN\u201d y Roberto Carlos \u201cN\u201d permanecer\u00e1n bajo prisi\u00f3n preventiva oficiosa tras ser se\u00f1alados por la producci\u00f3n, almacenamiento y distribuci\u00f3n de material de explotaci\u00f3n sexual infantil a trav\u00e9s de internet.<\/em><\/p>\n\n\n\n<p class=\"wp-block-paragraph\">Un Juez de Control dict\u00f3 auto de vinculaci\u00f3n a proceso en contra de Roberto Carlos \u201cN\u201d y Sandra \u201cN\u201d por su probable responsabilidad en el delito de trata de personas, en la modalidad de explotaci\u00f3n sexual a trav\u00e9s de pornograf\u00eda infantil, en el municipio de Puebla.<\/p>\n\n\n\n<p class=\"wp-block-paragraph\">De acuerdo con las investigaciones ministeriales, los imputados presuntamente indujeron, elaboraron y almacenaron material audiovisual con contenido expl\u00edcito que involucra a dos menores de edad. Dichos archivos digitales eran posteriormente distribuidos e intercambiados en diversas plataformas digitales.<\/p>\n\n\n\n<p class=\"wp-block-paragraph\">Las pesquisas confirmaron que Sandra \u201cN\u201d es madre biol\u00f3gica de las dos v\u00edctimas. La intervenci\u00f3n de las menores resultar\u00eda determinante, ya que colaboraron activamente en los peritajes e indagatorias desarrolladas por las autoridades sobre los hechos ocurridos entre abril de 2019 y el a\u00f1o 2020.<\/p>\n\n\n\n<p class=\"wp-block-paragraph\">La detenci\u00f3n fue concretada por agentes de la Agencia Estatal de Investigaci\u00f3n (AEI) en las inmediaciones de la unidad habitacional Fuentes de San Bartolo, al sur de la capital poblana, tras integrarse los elementos de prueba en la carpeta correspondiente.<\/p>\n\n\n\n<p class=\"wp-block-paragraph\">A trav\u00e9s de la Fiscal\u00eda Especializada en Investigaci\u00f3n de Delitos de Violencia de G\u00e9nero contra las Mujeres (FEIDVGCM), el Ministerio P\u00fablico present\u00f3 los datos probatorios ante la autoridad judicial, logrando la medida cautelar de prisi\u00f3n preventiva oficiosa y estableciendo un plazo de cuatro meses para el cierre de la investigaci\u00f3n complementaria.<\/p>\n\n\n\n<p class=\"wp-block-paragraph\">Por su parte, la Fiscal\u00eda General del Estado (FGE) de Puebla reiter\u00f3 que mantendr\u00e1 las investigaciones para sancionar los actos que atenten contra la integridad, indemnidad y el libre desarrollo de ni\u00f1as, ni\u00f1os y adolescentes en la entidad.<\/p>\n\n\n\n<p class=\"wp-block-paragraph\"><\/p>\n","protected":false},"excerpt":{"rendered":"<p>Sandra \u201cN\u201d y Roberto Carlos \u201cN\u201d permanecer\u00e1n bajo prisi\u00f3n preventiva oficiosa tras ser se\u00f1alados por la producci\u00f3n, almacenamiento y distribuci\u00f3n de material de explotaci\u00f3n sexual infantil a trav\u00e9s de internet. Un Juez de Control dict\u00f3 auto de vinculaci\u00f3n a proceso en contra de Roberto Carlos \u201cN\u201d y Sandra \u201cN\u201d por su probable responsabilidad en el [&hellip;]<\/p>\n","protected":false},"author":1,"featured_media":92389,"comment_status":"open","ping_status":"open","sticky":false,"template":"","format":"standard","meta":{"om_disable_all_campaigns":false,"_monsterinsights_skip_tracking":false,"footnotes":""},"categories":[175],"tags":[435,195,223],"class_list":["post-92388","post","type-post","status-publish","format-standard","has-post-thumbnail","hentry","category-local","tag-feidvgcm","tag-principal","tag-puebla"],"amp_enabled":true,"_links":{"self":[{"href":"https:\/\/lahora.mx\/index.php\/wp-json\/wp\/v2\/posts\/92388","targetHints":{"allow":["GET"]}}],"collection":[{"href":"https:\/\/lahora.mx\/index.php\/wp-json\/wp\/v2\/posts"}],"about":[{"href":"https:\/\/lahora.mx\/index.php\/wp-json\/wp\/v2\/types\/post"}],"author":[{"embeddable":true,"href":"https:\/\/lahora.mx\/index.php\/wp-json\/wp\/v2\/users\/1"}],"replies":[{"embeddable":true,"href":"https:\/\/lahora.mx\/index.php\/wp-json\/wp\/v2\/comments?post=92388"}],"version-history":[{"count":1,"href":"https:\/\/lahora.mx\/index.php\/wp-json\/wp\/v2\/posts\/92388\/revisions"}],"predecessor-version":[{"id":92390,"href":"https:\/\/lahora.mx\/index.php\/wp-json\/wp\/v2\/posts\/92388\/revisions\/92390"}],"wp:featuredmedia":[{"embeddable":true,"href":"https:\/\/lahora.mx\/index.php\/wp-json\/wp\/v2\/media\/92389"}],"wp:attachment":[{"href":"https:\/\/lahora.mx\/index.php\/wp-json\/wp\/v2\/media?parent=92388"}],"wp:term":[{"taxonomy":"category","embeddable":true,"href":"https:\/\/lahora.mx\/index.php\/wp-json\/wp\/v2\/categories?post=92388"},{"taxonomy":"post_tag","embeddable":true,"href":"https:\/\/lahora.mx\/index.php\/wp-json\/wp\/v2\/tags?post=92388"}],"curies":[{"name":"wp","href":"https:\/\/api.w.org\/{rel}","templated":true}]}}