{"id":92382,"date":"2026-09-05T02:02:08","date_gmt":"2026-09-05T08:02:08","guid":{"rendered":"https:\/\/lahora.mx\/?p=92382"},"modified":"2026-09-05T02:02:10","modified_gmt":"2026-09-05T08:02:10","slug":"advierten-riesgo-de-hasta-5-mil-despidos-en-el-sector-productivo-local-de-puebla","status":"publish","type":"post","link":"https:\/\/lahora.mx\/index.php\/2026\/09\/05\/advierten-riesgo-de-hasta-5-mil-despidos-en-el-sector-productivo-local-de-puebla\/","title":{"rendered":"Advierten riesgo de hasta 5 mil despidos en el sector productivo local de Puebla"},"content":{"rendered":"\n<p class=\"wp-block-paragraph\"><strong>Puebla, Pue.<\/strong>\u2014 Liderazgos del sector empresarial y productivo en la entidad advirtieron que hasta 5 mil trabajadores podr\u00edan verse afectados por recortes de personal debido al ajuste operativo de diversas plantas e industrias locales.<\/p>\n\n\n\n<p class=\"wp-block-paragraph\">Las c\u00e1maras empresariales se\u00f1alaron que los factores que presionan al sector incluyen la desaceleraci\u00f3n de la demanda internacional, reestructuraciones de la cadena de suministro y el incremento en los costos de operaci\u00f3n.<\/p>\n\n\n\n<p class=\"wp-block-paragraph\">Ante dicho escenario, los representantes de la iniciativa privada hicieron un llamado a las autoridades gubernamentales para implementar incentivos fiscales y esquemas de apoyo que permitan amortiguar el impacto econ\u00f3mico y mitigar la p\u00e9rdida de empleos formales.<\/p>\n\n\n\n<p class=\"wp-block-paragraph\">Los organismos laborales del estado informaron que mantendr\u00e1n mesas de trabajo continuas con las directivas patronales para buscar alternativas de negociaci\u00f3n que protejan la estabilidad laboral en los sectores involucrados.<\/p>\n","protected":false},"excerpt":{"rendered":"<p>Puebla, Pue.\u2014 Liderazgos del sector empresarial y productivo en la entidad advirtieron que hasta 5 mil trabajadores podr\u00edan verse afectados por recortes de personal debido al ajuste operativo de diversas plantas e industrias locales. Las c\u00e1maras empresariales se\u00f1alaron que los factores que presionan al sector incluyen la desaceleraci\u00f3n de la demanda internacional, reestructuraciones de la [&hellip;]<\/p>\n","protected":false},"author":1,"featured_media":92383,"comment_status":"open","ping_status":"open","sticky":false,"template":"","format":"standard","meta":{"om_disable_all_campaigns":false,"_monsterinsights_skip_tracking":false,"footnotes":""},"categories":[175],"tags":[195,223],"class_list":["post-92382","post","type-post","status-publish","format-standard","has-post-thumbnail","hentry","category-local","tag-principal","tag-puebla"],"amp_enabled":true,"_links":{"self":[{"href":"https:\/\/lahora.mx\/index.php\/wp-json\/wp\/v2\/posts\/92382","targetHints":{"allow":["GET"]}}],"collection":[{"href":"https:\/\/lahora.mx\/index.php\/wp-json\/wp\/v2\/posts"}],"about":[{"href":"https:\/\/lahora.mx\/index.php\/wp-json\/wp\/v2\/types\/post"}],"author":[{"embeddable":true,"href":"https:\/\/lahora.mx\/index.php\/wp-json\/wp\/v2\/users\/1"}],"replies":[{"embeddable":true,"href":"https:\/\/lahora.mx\/index.php\/wp-json\/wp\/v2\/comments?post=92382"}],"version-history":[{"count":1,"href":"https:\/\/lahora.mx\/index.php\/wp-json\/wp\/v2\/posts\/92382\/revisions"}],"predecessor-version":[{"id":92384,"href":"https:\/\/lahora.mx\/index.php\/wp-json\/wp\/v2\/posts\/92382\/revisions\/92384"}],"wp:featuredmedia":[{"embeddable":true,"href":"https:\/\/lahora.mx\/index.php\/wp-json\/wp\/v2\/media\/92383"}],"wp:attachment":[{"href":"https:\/\/lahora.mx\/index.php\/wp-json\/wp\/v2\/media?parent=92382"}],"wp:term":[{"taxonomy":"category","embeddable":true,"href":"https:\/\/lahora.mx\/index.php\/wp-json\/wp\/v2\/categories?post=92382"},{"taxonomy":"post_tag","embeddable":true,"href":"https:\/\/lahora.mx\/index.php\/wp-json\/wp\/v2\/tags?post=92382"}],"curies":[{"name":"wp","href":"https:\/\/api.w.org\/{rel}","templated":true}]}}