{"id":92370,"date":"2026-09-05T01:52:46","date_gmt":"2026-09-05T07:52:46","guid":{"rendered":"https:\/\/lahora.mx\/?p=92370"},"modified":"2026-09-05T01:52:47","modified_gmt":"2026-09-05T07:52:47","slug":"pepe-chedraui-inaugura-obra-de-pavimentacion-en-la-colonia-el-salvador-con-calles-al-100","status":"publish","type":"post","link":"https:\/\/lahora.mx\/index.php\/2026\/09\/05\/pepe-chedraui-inaugura-obra-de-pavimentacion-en-la-colonia-el-salvador-con-calles-al-100\/","title":{"rendered":"Pepe Chedraui inaugura obra de pavimentaci\u00f3n en la colonia El Salvador con \u00abCalles al 100\u00bb"},"content":{"rendered":"\n<p class=\"wp-block-paragraph\"><strong>Puebla, Pue.<\/strong>\u2014 El presidente municipal de Puebla, Pepe Chedraui Budib, encabez\u00f3 la entrega de los trabajos de pavimentaci\u00f3n e intervenci\u00f3n integral en la Calle 5 Oriente, ubicada en la colonia El Salvador, como parte del programa de infraestructura vial \u00abCalles al 100\u00bb.<\/p>\n\n\n\n<p class=\"wp-block-paragraph\">La intervenci\u00f3n abarc\u00f3 la colocaci\u00f3n de carpeta asf\u00e1ltica, nivelaci\u00f3n de pozos de visita, construcci\u00f3n de banquetas, colocaci\u00f3n de guarniciones y la instalaci\u00f3n de nueva se\u00f1alizaci\u00f3n horizontal y vertical para garantizar la seguridad de peatones y automovilistas.<\/p>\n\n\n\n<p class=\"wp-block-paragraph\">Durante el corte de list\u00f3n, el edil poblano se\u00f1al\u00f3 que las obras p\u00fablicas en la capital tienen como prioridad atender el deterioro hist\u00f3rico de las vialidades en las colonias con mayor flujo de transito y rezago en infraestructura.<\/p>\n\n\n\n<p class=\"wp-block-paragraph\">Vecinos de la zona expresaron su reconocimiento por la concreci\u00f3n de los trabajos, los cuales optimizan el flujo vehicular y reducen los riesgos de encharcamientos durante la temporada de lluvias.<\/p>\n\n\n\n<h3 class=\"wp-block-heading\"><\/h3>\n","protected":false},"excerpt":{"rendered":"<p>Puebla, Pue.\u2014 El presidente municipal de Puebla, Pepe Chedraui Budib, encabez\u00f3 la entrega de los trabajos de pavimentaci\u00f3n e intervenci\u00f3n integral en la Calle 5 Oriente, ubicada en la colonia El Salvador, como parte del programa de infraestructura vial \u00abCalles al 100\u00bb. La intervenci\u00f3n abarc\u00f3 la colocaci\u00f3n de carpeta asf\u00e1ltica, nivelaci\u00f3n de pozos de visita, [&hellip;]<\/p>\n","protected":false},"author":1,"featured_media":92371,"comment_status":"open","ping_status":"open","sticky":false,"template":"","format":"standard","meta":{"om_disable_all_campaigns":false,"_monsterinsights_skip_tracking":false,"footnotes":""},"categories":[175],"tags":[320,223],"class_list":["post-92370","post","type-post","status-publish","format-standard","has-post-thumbnail","hentry","category-local","tag-chedraui","tag-puebla"],"amp_enabled":true,"_links":{"self":[{"href":"https:\/\/lahora.mx\/index.php\/wp-json\/wp\/v2\/posts\/92370","targetHints":{"allow":["GET"]}}],"collection":[{"href":"https:\/\/lahora.mx\/index.php\/wp-json\/wp\/v2\/posts"}],"about":[{"href":"https:\/\/lahora.mx\/index.php\/wp-json\/wp\/v2\/types\/post"}],"author":[{"embeddable":true,"href":"https:\/\/lahora.mx\/index.php\/wp-json\/wp\/v2\/users\/1"}],"replies":[{"embeddable":true,"href":"https:\/\/lahora.mx\/index.php\/wp-json\/wp\/v2\/comments?post=92370"}],"version-history":[{"count":1,"href":"https:\/\/lahora.mx\/index.php\/wp-json\/wp\/v2\/posts\/92370\/revisions"}],"predecessor-version":[{"id":92372,"href":"https:\/\/lahora.mx\/index.php\/wp-json\/wp\/v2\/posts\/92370\/revisions\/92372"}],"wp:featuredmedia":[{"embeddable":true,"href":"https:\/\/lahora.mx\/index.php\/wp-json\/wp\/v2\/media\/92371"}],"wp:attachment":[{"href":"https:\/\/lahora.mx\/index.php\/wp-json\/wp\/v2\/media?parent=92370"}],"wp:term":[{"taxonomy":"category","embeddable":true,"href":"https:\/\/lahora.mx\/index.php\/wp-json\/wp\/v2\/categories?post=92370"},{"taxonomy":"post_tag","embeddable":true,"href":"https:\/\/lahora.mx\/index.php\/wp-json\/wp\/v2\/tags?post=92370"}],"curies":[{"name":"wp","href":"https:\/\/api.w.org\/{rel}","templated":true}]}}